{"id":1243,"date":"2024-08-11T17:40:03","date_gmt":"2024-08-11T20:40:03","guid":{"rendered":"https:\/\/radiocruzdasarmasfm.com.br\/site\/?p=1243"},"modified":"2024-08-11T17:40:03","modified_gmt":"2024-08-11T20:40:03","slug":"inscricoes-com-120-vagas-para-o-eu-posso-comecam-nesta-terca","status":"publish","type":"post","link":"https:\/\/radiocruzdasarmasfm.com.br\/site\/2024\/08\/11\/inscricoes-com-120-vagas-para-o-eu-posso-comecam-nesta-terca\/","title":{"rendered":"Inscri\u00e7\u00f5es com 120 vagas para o \u2018Eu Posso\u2019 come\u00e7am nesta ter\u00e7a"},"content":{"rendered":"<p>Durante esta ter\u00e7a (13) e quarta-feira (14), mais 120 empreendedores de Jo\u00e3o Pessoa poder\u00e3o ser beneficiados com cr\u00e9ditos do programa \u2018Eu Posso\u2019. A iniciativa \u00e9 desenvolvida pela Prefeitura Municipal, por meio da Secretaria de Desenvolvimento Econ\u00f4mico e Trabalho (Sedest). As inscri\u00e7\u00f5es para os interessados em receber cr\u00e9ditos de R$ 8 mil at\u00e9 R$ 15 mil ser\u00e3o realizadas de maneira presencial, na sede da Secretaria. O programa j\u00e1 beneficiou mais de 3.100 empreendedores, pessoas jur\u00eddicas e pessoas f\u00edsicas na cidade, totalizando um investimento superior a R$ 28 milh\u00f5es na economia da Capital.<\/p>\n<p>Para pessoa f\u00edsica, o cr\u00e9dito chega a R$ 8 mil. J\u00e1 para pessoa jur\u00eddica (cr\u00e9dito empresarial), o valor concedido aos empreendedores pode chegar a R$15 mil. O pagamento poder\u00e1 ser dividido em at\u00e9 24 parcelas mensais fixas, com car\u00eancia de at\u00e9 tr\u00eas meses, quando houver investimento em capital fixo ou misto. Para investimento apenas em capital de giro, o pagamento ser\u00e1 de at\u00e9 12 parcelas e sem car\u00eancia. As taxas de juros s\u00e3o de 0,9% ao m\u00eas.<\/p>\n<p>Podem se inscrever empreendedores formais e informais, maiores de 18 anos ou legalmente emancipados, residentes e domiciliados no munic\u00edpio de Jo\u00e3o Pessoa e pessoa jur\u00eddica (MEI e ME), tamb\u00e9m sediada em Jo\u00e3o Pessoa e com cadastro ativo junto \u00e0 Receita Federal. Os interessados devem se encaminhar at\u00e9 a sede da Sedest, que fica na Rua Diogo Velho, n\u00ba 150, Centro, no hor\u00e1rio das 9h at\u00e9 as 17h. Ser\u00e3o disponibilizadas 60 vagas no primeiro dia e outras 60, no segundo.<\/p>\n<p>Documenta\u00e7\u00e3o \u2013 Para concorrer como pessoa f\u00edsica \u00e9 necess\u00e1rio apresentar na inscri\u00e7\u00e3o documento de identidade com foto (RG, CNH ou carteira profissional); comprovante de situa\u00e7\u00e3o cadastral no CPF; comprovante de resid\u00eancia em nome do empreendedor, dos pais ou do c\u00f4njuge, como fatura (com nome completo, endere\u00e7o, CEP e data de vencimento) de \u00e1gua, energia, telefone, internet ou fatura de cart\u00e3o de cr\u00e9dito de at\u00e9 90 dias, contrato de aluguel (com firma reconhecida do locador e locat\u00e1rio) ou declara\u00e7\u00e3o de resid\u00eancia (disponibilizada atrav\u00e9s do site do Eu Posso para download) datada e assinada; certid\u00e3o negativa municipal; comprovante de conta banc\u00e1ria cuja titularidade seja do empreendedor e que contenham informa\u00e7\u00f5es sobre banco, ag\u00eancia, n\u00famero da conta e nome do titular; e certid\u00e3o negativa de cadastro nos \u00f3rg\u00e3os de prote\u00e7\u00e3o ao cr\u00e9dito. Mais informa\u00e7\u00f5es no link: https:\/\/linktr.ee\/eupossomicrocredito.<\/p>\n<p>Para pessoa jur\u00eddica \u00e9 necess\u00e1rio levar documentos pessoais dos s\u00f3cios pessoa f\u00edsica (no caso de ME) ou do titular (no caso de MEI): certid\u00e3o negativa municipal Pessoa Jur\u00eddica; cart\u00e3o CNPJ ou certificado de MEI; comprovante de endere\u00e7o comercial pessoa jur\u00eddica; certid\u00e3o negativa estadual pessoa jur\u00eddica; certid\u00e3o negativa federal pessoa jur\u00eddica; certificado de regularidade do FGTS pessoa jur\u00eddica; comprovante de conta banc\u00e1ria pessoa jur\u00eddica que contenha informa\u00e7\u00f5es sobre banco, ag\u00eancia, n\u00famero da conta e nome do titular: e certid\u00e3o negativa de cadastro nos \u00f3rg\u00e3os de prote\u00e7\u00e3o ao cr\u00e9dito.<\/p>\n","protected":false},"excerpt":{"rendered":"<p>Durante esta ter\u00e7a (13) e quarta-feira (14), mais 120 empreendedores de Jo\u00e3o Pessoa poder\u00e3o ser beneficiados com cr\u00e9ditos do programa \u2018Eu Posso\u2019. A iniciativa \u00e9 desenvolvida pela Prefeitura Municipal, por meio da Secretaria de Desenvolvimento Econ\u00f4mico e Trabalho (Sedest). As inscri\u00e7\u00f5es para os interessados em receber cr\u00e9ditos de R$ 8 mil at\u00e9 R$ 15 mil [&hellip;]<\/p>\n","protected":false},"author":2,"featured_media":1244,"comment_status":"open","ping_status":"open","sticky":false,"template":"","format":"standard","meta":{"footnotes":""},"categories":[7],"tags":[],"class_list":["post-1243","post","type-post","status-publish","format-standard","has-post-thumbnail","hentry","category-noticias"],"_links":{"self":[{"href":"https:\/\/radiocruzdasarmasfm.com.br\/site\/wp-json\/wp\/v2\/posts\/1243","targetHints":{"allow":["GET"]}}],"collection":[{"href":"https:\/\/radiocruzdasarmasfm.com.br\/site\/wp-json\/wp\/v2\/posts"}],"about":[{"href":"https:\/\/radiocruzdasarmasfm.com.br\/site\/wp-json\/wp\/v2\/types\/post"}],"author":[{"embeddable":true,"href":"https:\/\/radiocruzdasarmasfm.com.br\/site\/wp-json\/wp\/v2\/users\/2"}],"replies":[{"embeddable":true,"href":"https:\/\/radiocruzdasarmasfm.com.br\/site\/wp-json\/wp\/v2\/comments?post=1243"}],"version-history":[{"count":1,"href":"https:\/\/radiocruzdasarmasfm.com.br\/site\/wp-json\/wp\/v2\/posts\/1243\/revisions"}],"predecessor-version":[{"id":1245,"href":"https:\/\/radiocruzdasarmasfm.com.br\/site\/wp-json\/wp\/v2\/posts\/1243\/revisions\/1245"}],"wp:featuredmedia":[{"embeddable":true,"href":"https:\/\/radiocruzdasarmasfm.com.br\/site\/wp-json\/wp\/v2\/media\/1244"}],"wp:attachment":[{"href":"https:\/\/radiocruzdasarmasfm.com.br\/site\/wp-json\/wp\/v2\/media?parent=1243"}],"wp:term":[{"taxonomy":"category","embeddable":true,"href":"https:\/\/radiocruzdasarmasfm.com.br\/site\/wp-json\/wp\/v2\/categories?post=1243"},{"taxonomy":"post_tag","embeddable":true,"href":"https:\/\/radiocruzdasarmasfm.com.br\/site\/wp-json\/wp\/v2\/tags?post=1243"}],"curies":[{"name":"wp","href":"https:\/\/api.w.org\/{rel}","templated":true}]}}