{"id":1893,"date":"2024-11-27T22:42:08","date_gmt":"2024-11-28T01:42:08","guid":{"rendered":"https:\/\/radiocruzdasarmasfm.com.br\/site\/?p=1893"},"modified":"2024-11-27T22:42:08","modified_gmt":"2024-11-28T01:42:08","slug":"cicero-lucena-se-encontra-com-ministro-do-turismo-e-diretor-geral-do-dnit-discussao-busca-investimentos-para-joao-pessoa","status":"publish","type":"post","link":"https:\/\/radiocruzdasarmasfm.com.br\/site\/2024\/11\/27\/cicero-lucena-se-encontra-com-ministro-do-turismo-e-diretor-geral-do-dnit-discussao-busca-investimentos-para-joao-pessoa\/","title":{"rendered":"C\u00edcero Lucena se encontra com ministro do Turismo e diretor-geral do Dnit; discuss\u00e3o busca investimentos para Jo\u00e3o Pessoa"},"content":{"rendered":"<p>O prefeito C\u00edcero Lucena (PP) se reuniu, nesta quarta-feira (27), com o diretor-geral do Departamento de Infraestrutura e Transporte (Dnit), Fabr\u00edcio de Oliveira Galv\u00e3o, e com o ministro de Turismo. O gestor, que cumpre agenda em Bras\u00edlia, debateu sobre as obras da BR-230, entre Jo\u00e3o Pessoa e Cabedelo e os investimentos para a capital paraibana, Cabedelo e Conde.<\/p>\n<p>A reuni\u00e3o foi um passo importante para fortalecer o turismo no litoral paraibano e garantir que as obras necess\u00e1rias avancem, preparando o Munic\u00edpio para receber visitantes. Um dos pontos debatidos no encontro foi a libera\u00e7\u00e3o de R$ 30 milh\u00f5es j\u00e1 destinados \u00e0 obra do projeto Orla Sul, em Gramame. \u201cAs obras est\u00e3o em ritmo acelerado. O projeto da Prefeitura de Jo\u00e3o Pessoa \u00e9 um misto de mobilidade urbana, infraestrutura com duplica\u00e7\u00e3o de vias asfaltadas e urbanismo, ampliando o acesso, a partir da PB-008, at\u00e9 as Praias do Sol e de Gramame, com forte impacto para o turismo na regi\u00e3o\u201d, destacou o prefeito.<\/p>\n<p>O deputado federal Mersinho Lucena tamb\u00e9m esteve presente na reuni\u00e3o e ressaltou a import\u00e2ncia da obra para aquecer o turismo de toda a regi\u00e3o metropolitana de Jo\u00e3o Pessoa. \u201cEstamos avan\u00e7ando com essa importante obra, mas precisamos de mais recursos. Solicitei ao ministro a libera\u00e7\u00e3o adicional de R$ 20 milh\u00f5es para finalizar os trabalhos na Orla Sul e realizar toda a urbaniza\u00e7\u00e3o necess\u00e1ria\u201d, explicou.<\/p>\n<p>O investimento total na urbaniza\u00e7\u00e3o da Orla Sul chegaria a R$ 50 milh\u00f5es, um recurso fundamental para melhorar a infraestrutura. O ministro Celso Sabino reconheceu que investimentos em infraestrutura tur\u00edstica s\u00e3o essenciais para promover o desenvolvimento regional e melhorar a qualidade de vida da popula\u00e7\u00e3o.<\/p>\n<p><strong>Reuni\u00e3o com Dnit \u2013<\/strong>\u00a0O encontro teve como foco a acelera\u00e7\u00e3o das obras da BR-230, nos trechos entre Cabedelo e Oitizeiro, e a necessidade urgente de instala\u00e7\u00e3o de sinaliza\u00e7\u00e3o e ilumina\u00e7\u00e3o na rodovia. Al\u00e9m de C\u00edcero Lucena, tamb\u00e9m participaram da reuni\u00e3o o deputado federal Mersinho Lucena e o prefeito eleito de Cabedelo, Andr\u00e9 Coutinho. O encontro aconteceu na sede oficial do Departamento Nacional de Infraestrutura de Transportes (Dnit), em Bras\u00edlia.<\/p>\n<p>O diretor-geral do Dnit, Fabr\u00edcio Galv\u00e3o, se comprometeu a avaliar as propostas apresentadas e reconheceu a relev\u00e2ncia das melhorias na rodovia. Ele enfatizou que o Dnit est\u00e1 empenhado em atender \u00e0s demandas.<\/p>\n","protected":false},"excerpt":{"rendered":"<p>O prefeito C\u00edcero Lucena (PP) se reuniu, nesta quarta-feira (27), com o diretor-geral do Departamento de Infraestrutura e Transporte (Dnit), Fabr\u00edcio de Oliveira Galv\u00e3o, e com o ministro de Turismo. O gestor, que cumpre agenda em Bras\u00edlia, debateu sobre as obras da BR-230, entre Jo\u00e3o Pessoa e Cabedelo e os investimentos para a capital paraibana, [&hellip;]<\/p>\n","protected":false},"author":2,"featured_media":1894,"comment_status":"open","ping_status":"open","sticky":false,"template":"","format":"standard","meta":{"footnotes":""},"categories":[7],"tags":[],"class_list":["post-1893","post","type-post","status-publish","format-standard","has-post-thumbnail","hentry","category-noticias"],"_links":{"self":[{"href":"https:\/\/radiocruzdasarmasfm.com.br\/site\/wp-json\/wp\/v2\/posts\/1893","targetHints":{"allow":["GET"]}}],"collection":[{"href":"https:\/\/radiocruzdasarmasfm.com.br\/site\/wp-json\/wp\/v2\/posts"}],"about":[{"href":"https:\/\/radiocruzdasarmasfm.com.br\/site\/wp-json\/wp\/v2\/types\/post"}],"author":[{"embeddable":true,"href":"https:\/\/radiocruzdasarmasfm.com.br\/site\/wp-json\/wp\/v2\/users\/2"}],"replies":[{"embeddable":true,"href":"https:\/\/radiocruzdasarmasfm.com.br\/site\/wp-json\/wp\/v2\/comments?post=1893"}],"version-history":[{"count":1,"href":"https:\/\/radiocruzdasarmasfm.com.br\/site\/wp-json\/wp\/v2\/posts\/1893\/revisions"}],"predecessor-version":[{"id":1895,"href":"https:\/\/radiocruzdasarmasfm.com.br\/site\/wp-json\/wp\/v2\/posts\/1893\/revisions\/1895"}],"wp:featuredmedia":[{"embeddable":true,"href":"https:\/\/radiocruzdasarmasfm.com.br\/site\/wp-json\/wp\/v2\/media\/1894"}],"wp:attachment":[{"href":"https:\/\/radiocruzdasarmasfm.com.br\/site\/wp-json\/wp\/v2\/media?parent=1893"}],"wp:term":[{"taxonomy":"category","embeddable":true,"href":"https:\/\/radiocruzdasarmasfm.com.br\/site\/wp-json\/wp\/v2\/categories?post=1893"},{"taxonomy":"post_tag","embeddable":true,"href":"https:\/\/radiocruzdasarmasfm.com.br\/site\/wp-json\/wp\/v2\/tags?post=1893"}],"curies":[{"name":"wp","href":"https:\/\/api.w.org\/{rel}","templated":true}]}}