{"id":2315,"date":"2025-01-10T13:20:34","date_gmt":"2025-01-10T16:20:34","guid":{"rendered":"https:\/\/radiocruzdasarmasfm.com.br\/site\/?p=2315"},"modified":"2025-01-10T13:20:34","modified_gmt":"2025-01-10T16:20:34","slug":"precos-de-alimentos-e-bebidas-foram-responsaveis-por-um-terco-da-inflacao-em-2024","status":"publish","type":"post","link":"https:\/\/radiocruzdasarmasfm.com.br\/site\/2025\/01\/10\/precos-de-alimentos-e-bebidas-foram-responsaveis-por-um-terco-da-inflacao-em-2024\/","title":{"rendered":"Pre\u00e7os de alimentos e bebidas foram respons\u00e1veis por um ter\u00e7o da infla\u00e7\u00e3o em 2024"},"content":{"rendered":"<p>Os pre\u00e7os do grupo\u00a0<strong>Alimenta\u00e7\u00e3o e Bebidas<\/strong>\u00a0foi respons\u00e1vel por mais de\u00a0<strong>um ter\u00e7o da alta no \u00cdndice de Pre\u00e7os ao Consumidor Amplo (IPCA) de 2024<\/strong>, mostrou divulga\u00e7\u00e3o do Instituto Brasileiro de Geografia e Estat\u00edstica (IBGE) nesta sexta-feira (10).<\/p>\n<p>O IPCA\u00a0<a href=\"https:\/\/www.cnnbrasil.com.br\/economia\/macroeconomia\/ipca-fecha-2024-em-483-e-estoura-a-meta-de-inflacao\/\">avan\u00e7ou 4,83% de janeiro a dezembro<\/a>. O impacto dos pre\u00e7os do grupo de alimentos para o \u00edndice foi de 1,63 ponto percentual (p.p.).<\/p>\n<p>Alimenta\u00e7\u00e3o e Bebidas avan\u00e7ou 7,69% puxado especialmente por alta nos pre\u00e7os de alimenta\u00e7\u00e3o no domic\u00edlio (8,23%). Os destaques principais foram as carnes (20,84% e impacto de 0,52 p.p.), o caf\u00e9 mo\u00eddo (39,60% e 0,15 p.p.), o leite longa vida (18,83% e 0,13 p.p.) e as frutas (12,12% e 0,14 p.p.).<\/p>\n<p>No mesmo sentido, a alimenta\u00e7\u00e3o fora do domic\u00edlio subiu 6,29%: a refei\u00e7\u00e3o subiu 5,70%, com impacto de 0,20 p.p; e o lanche, 7,56%, com impacto de 0,13 p.p.<\/p>\n<p>Depois de alimenta\u00e7\u00e3o, os grupos que mais subiram foram\u00a0<strong>Sa\u00fade e cuidados pessoais (6,09%)<\/strong>\u00a0e\u00a0<strong>Transportes (3,30%),<\/strong>\u00a0com impactos de 0,81 p.p. e 0,69 p.p., respectivamente. Os tr\u00eas grupos juntos responderam por, aproximadamente, 65% do resultado do ano \u2014 ou seja dois ter\u00e7os da infla\u00e7\u00e3o em 2025.<\/p>\n<p>Desde que o regime de metas de infla\u00e7\u00e3o foi adotado no Brasil em 1999, essa \u00e9 a oitava vez que o objetivo foi descumprido, depois de 2022, 2021, 2017, 2015, 2003, 2002 e 2001.<\/p>\n<p>Assim, o Banco Central ter\u00e1 que\u00a0<a href=\"https:\/\/www.cnnbrasil.com.br\/economia\/macroeconomia\/bc-publicara-as-18h-carta-justificando-estouro-da-meta-de-inflacao-de-2024\/\">explicar ao governo os motivos de o objetivo n\u00e3o ter sido cumprido<\/a>, e j\u00e1 prev\u00ea a chance de repetir a investida em julho diante das suas atuais proje\u00e7\u00f5es para os pre\u00e7os ao consumidor.<\/p>\n","protected":false},"excerpt":{"rendered":"<p>Os pre\u00e7os do grupo\u00a0Alimenta\u00e7\u00e3o e Bebidas\u00a0foi respons\u00e1vel por mais de\u00a0um ter\u00e7o da alta no \u00cdndice de Pre\u00e7os ao Consumidor Amplo (IPCA) de 2024, mostrou divulga\u00e7\u00e3o do Instituto Brasileiro de Geografia e Estat\u00edstica (IBGE) nesta sexta-feira (10). O IPCA\u00a0avan\u00e7ou 4,83% de janeiro a dezembro. O impacto dos pre\u00e7os do grupo de alimentos para o \u00edndice foi [&hellip;]<\/p>\n","protected":false},"author":2,"featured_media":2317,"comment_status":"open","ping_status":"open","sticky":false,"template":"","format":"standard","meta":{"footnotes":""},"categories":[7],"tags":[],"class_list":["post-2315","post","type-post","status-publish","format-standard","has-post-thumbnail","hentry","category-noticias"],"_links":{"self":[{"href":"https:\/\/radiocruzdasarmasfm.com.br\/site\/wp-json\/wp\/v2\/posts\/2315","targetHints":{"allow":["GET"]}}],"collection":[{"href":"https:\/\/radiocruzdasarmasfm.com.br\/site\/wp-json\/wp\/v2\/posts"}],"about":[{"href":"https:\/\/radiocruzdasarmasfm.com.br\/site\/wp-json\/wp\/v2\/types\/post"}],"author":[{"embeddable":true,"href":"https:\/\/radiocruzdasarmasfm.com.br\/site\/wp-json\/wp\/v2\/users\/2"}],"replies":[{"embeddable":true,"href":"https:\/\/radiocruzdasarmasfm.com.br\/site\/wp-json\/wp\/v2\/comments?post=2315"}],"version-history":[{"count":1,"href":"https:\/\/radiocruzdasarmasfm.com.br\/site\/wp-json\/wp\/v2\/posts\/2315\/revisions"}],"predecessor-version":[{"id":2318,"href":"https:\/\/radiocruzdasarmasfm.com.br\/site\/wp-json\/wp\/v2\/posts\/2315\/revisions\/2318"}],"wp:featuredmedia":[{"embeddable":true,"href":"https:\/\/radiocruzdasarmasfm.com.br\/site\/wp-json\/wp\/v2\/media\/2317"}],"wp:attachment":[{"href":"https:\/\/radiocruzdasarmasfm.com.br\/site\/wp-json\/wp\/v2\/media?parent=2315"}],"wp:term":[{"taxonomy":"category","embeddable":true,"href":"https:\/\/radiocruzdasarmasfm.com.br\/site\/wp-json\/wp\/v2\/categories?post=2315"},{"taxonomy":"post_tag","embeddable":true,"href":"https:\/\/radiocruzdasarmasfm.com.br\/site\/wp-json\/wp\/v2\/tags?post=2315"}],"curies":[{"name":"wp","href":"https:\/\/api.w.org\/{rel}","templated":true}]}}