{"id":8928,"date":"2026-04-26T13:03:36","date_gmt":"2026-04-26T16:03:36","guid":{"rendered":"https:\/\/radiocruzdasarmasfm.com.br\/site\/?p=8928"},"modified":"2026-04-26T13:03:36","modified_gmt":"2026-04-26T16:03:36","slug":"nunes-marques-toma-posse-como-presidente-do-tse-em-12-de-maio-mendonca-sera-vice","status":"publish","type":"post","link":"https:\/\/radiocruzdasarmasfm.com.br\/site\/2026\/04\/26\/nunes-marques-toma-posse-como-presidente-do-tse-em-12-de-maio-mendonca-sera-vice\/","title":{"rendered":"Nunes Marques toma posse como presidente do TSE em 12 de maio; Mendon\u00e7a ser\u00e1 vice"},"content":{"rendered":"<p class=\"wp-block-paragraph\">A posse do ministro\u00a0Nunes Marques\u00a0como presidente do\u00a0TSE (Tribunal Superior Eleitoral)\u00a0ser\u00e1 no dia\u00a0<strong>12 de maio<\/strong>. O vice-presidente ser\u00e1 o ministro\u00a0Andr\u00e9 Mendon\u00e7a.<\/p>\n<p class=\"wp-block-paragraph\">Nunes Marques vai substituir\u00a0C\u00e1rmen L\u00facia\u00a0no comando da corte eleitoral. O mandato da ministra no TSE termina neste ano. Quando ela deixar a corte, a terceira cadeira reservada ao STF ser\u00e1 ocupada pelo ministro Dias Toffoli.<\/p>\n<p class=\"wp-block-paragraph\">No TSE, a presid\u00eancia \u00e9 sempre exercida por um dos tr\u00eas ministros vindos do\u00a0STF (Supremo Tribunal Federal).\u00a0Nunes e Mendon\u00e7a foram indicados ao Supremo pelo ex-presidente Jair Bolsonaro.<\/p>\n<h3 class=\"wp-block-heading\">Objetivos de Nunes Marques<\/h3>\n<p class=\"wp-block-paragraph\">\u00c0 frente do TSE, Nunes Marques planeja efetuar uma for\u00e7a-tarefa junto aos TREs (Tribunais Regionais Eleitorais) para fazer um pente-fino nas mais de 500 mil urnas \u2014 entre novas e antigas \u2014 que ser\u00e3o usadas nas elei\u00e7\u00f5es presidenciais de outubro deste ano.<\/p>\n<p class=\"wp-block-paragraph\">O ministro ainda pretende fazer uma interlocu\u00e7\u00e3o com as unidades da Federa\u00e7\u00e3o, para verifica\u00e7\u00e3o das condi\u00e7\u00f5es de transmiss\u00e3o de dados e fechar conv\u00eanios com universidades ou outras institui\u00e7\u00f5es na \u00e1rea de ciberseguran\u00e7a.<\/p>\n<p class=\"wp-block-paragraph\">O ministro tamb\u00e9m planeja que haja maior participa\u00e7\u00e3o dos povos origin\u00e1rios no processo eleitoral, com a capacita\u00e7\u00e3o e mais circula\u00e7\u00e3o de informa\u00e7\u00f5es entre essa parcela da popula\u00e7\u00e3o.<\/p>\n","protected":false},"excerpt":{"rendered":"<p>A posse do ministro\u00a0Nunes Marques\u00a0como presidente do\u00a0TSE (Tribunal Superior Eleitoral)\u00a0ser\u00e1 no dia\u00a012 de maio. O vice-presidente ser\u00e1 o ministro\u00a0Andr\u00e9 Mendon\u00e7a. Nunes Marques vai substituir\u00a0C\u00e1rmen L\u00facia\u00a0no comando da corte eleitoral. O mandato da ministra no TSE termina neste ano. Quando ela deixar a corte, a terceira cadeira reservada ao STF ser\u00e1 ocupada pelo ministro Dias Toffoli. [&hellip;]<\/p>\n","protected":false},"author":2,"featured_media":8929,"comment_status":"open","ping_status":"closed","sticky":false,"template":"","format":"standard","meta":{"footnotes":""},"categories":[7,11],"tags":[],"class_list":["post-8928","post","type-post","status-publish","format-standard","has-post-thumbnail","hentry","category-noticias","category-politica"],"_links":{"self":[{"href":"https:\/\/radiocruzdasarmasfm.com.br\/site\/wp-json\/wp\/v2\/posts\/8928","targetHints":{"allow":["GET"]}}],"collection":[{"href":"https:\/\/radiocruzdasarmasfm.com.br\/site\/wp-json\/wp\/v2\/posts"}],"about":[{"href":"https:\/\/radiocruzdasarmasfm.com.br\/site\/wp-json\/wp\/v2\/types\/post"}],"author":[{"embeddable":true,"href":"https:\/\/radiocruzdasarmasfm.com.br\/site\/wp-json\/wp\/v2\/users\/2"}],"replies":[{"embeddable":true,"href":"https:\/\/radiocruzdasarmasfm.com.br\/site\/wp-json\/wp\/v2\/comments?post=8928"}],"version-history":[{"count":1,"href":"https:\/\/radiocruzdasarmasfm.com.br\/site\/wp-json\/wp\/v2\/posts\/8928\/revisions"}],"predecessor-version":[{"id":8930,"href":"https:\/\/radiocruzdasarmasfm.com.br\/site\/wp-json\/wp\/v2\/posts\/8928\/revisions\/8930"}],"wp:featuredmedia":[{"embeddable":true,"href":"https:\/\/radiocruzdasarmasfm.com.br\/site\/wp-json\/wp\/v2\/media\/8929"}],"wp:attachment":[{"href":"https:\/\/radiocruzdasarmasfm.com.br\/site\/wp-json\/wp\/v2\/media?parent=8928"}],"wp:term":[{"taxonomy":"category","embeddable":true,"href":"https:\/\/radiocruzdasarmasfm.com.br\/site\/wp-json\/wp\/v2\/categories?post=8928"},{"taxonomy":"post_tag","embeddable":true,"href":"https:\/\/radiocruzdasarmasfm.com.br\/site\/wp-json\/wp\/v2\/tags?post=8928"}],"curies":[{"name":"wp","href":"https:\/\/api.w.org\/{rel}","templated":true}]}}