{"id":8931,"date":"2026-04-26T13:07:47","date_gmt":"2026-04-26T16:07:47","guid":{"rendered":"https:\/\/radiocruzdasarmasfm.com.br\/site\/?p=8931"},"modified":"2026-04-26T13:07:47","modified_gmt":"2026-04-26T16:07:47","slug":"leo-bezerra-acompanha-a-3a-corrida-paraibana-pelo-autismo-e-destaca-atuacao-da-prefeitura-no-estimulo-a-inclusao-social","status":"publish","type":"post","link":"https:\/\/radiocruzdasarmasfm.com.br\/site\/2026\/04\/26\/leo-bezerra-acompanha-a-3a-corrida-paraibana-pelo-autismo-e-destaca-atuacao-da-prefeitura-no-estimulo-a-inclusao-social\/","title":{"rendered":"Leo Bezerra acompanha a 3\u00aa Corrida Paraibana pelo Autismo e destaca atua\u00e7\u00e3o da Prefeitura no est\u00edmulo \u00e0 inclus\u00e3o social"},"content":{"rendered":"<p>A Capital paraibana recebeu, neste domingo (26), no Busto de Tamandar\u00e9, a 3\u00aa edi\u00e7\u00e3o da Corrida Paraibana pelo Autismo, uma das maiores iniciativas do Brasil voltadas \u00e0 inclus\u00e3o e \u00e0 conscientiza\u00e7\u00e3o sobre o Transtorno do Espectro Autista (TEA). Realizado pela Prefeitura de Jo\u00e3o Pessoa, em parceria com a Associa\u00e7\u00e3o Paraibana de Autismo (APA), o evento contou com a presen\u00e7a do prefeito Leo Bezerra, que destacou o trabalho realizado pela gest\u00e3o municipal em benef\u00edcio dos autistas.<\/p>\n<div class=\"related\">\n<div><span class=\"leiatambem\">Leia Tamb\u00e9m:<\/span><\/p>\n<div class=\"pk-inline-posts\">\n<div class=\"pk-inline-posts-container pk-inline-posts-template-grid\" data-columns=\"1\">\n<article id=\"post-948508\" class=\"post-948508 post type-post status-publish format-standard has-post-thumbnail category-esportes tag-principal3 cs-entry cs-video-wrap\">\n<div class=\"pk-post-outer\">\n<div class=\"pk-post-inner\"><\/div>\n<div class=\"pk-post-inner\">\n<header>\n<h5 class=\"pk-title\"><a href=\"https:\/\/www.pbagora.com.br\/noticia\/esportes\/gol-no-fim-cala-o-almeidao-floresta-surpreende-o-botafogo-pb-e-entra-no-g-4-da-serie-c\/\" rel=\"bookmark\">Floresta surpreende o Botafogo-PB em JP, vence por 2 a 1 e assume lugar no G-4 da S\u00e9rie C<\/a><\/h5>\n<\/header>\n<\/div>\n<\/div>\n<\/article>\n<\/div>\n<\/div>\n<\/div>\n<\/div>\n<p>\u201cN\u00f3s fazemos um trabalho muito especial em rela\u00e7\u00e3o ao autismo e, por isso, quero agradecer a toda a nossa equipe, n\u00e3o s\u00f3 de Esporte, mas todas as secretarias, todos empenhados para que essas crian\u00e7as e adultos autistas possam ter um melhor conforto. A Prefeitura vai estar sempre de portas abertas para as pessoas que mais precisam e que Deus possa aben\u00e7oar a nossa gest\u00e3o\u201d, declarou o prefeito.<\/p>\n<p>Marcus Alves, diretor executivo da Funda\u00e7\u00e3o Cultural de Jo\u00e3o Pessoa (Funjope), destacou que a corrida \u00e9 uma experi\u00eancia que vem crescendo: \u201cEste ano, tivemos 1.500 corredores, mas al\u00e9m do n\u00famero, \u00e9 a empolga\u00e7\u00e3o das pessoas, a motiva\u00e7\u00e3o que elas t\u00eam para dar visibilidade \u00e0 causa dos autistas e, principalmente, \u00e0 pol\u00edtica municipal em defesa do autismo que desenvolvemos h\u00e1 cinco anos na Funjope e na Prefeitura de Jo\u00e3o Pessoa, com o est\u00edmulo do prefeito Leo Bezerra. Ficamos muito contentes de poder ofertar \u00e0 cidade uma corrida t\u00e3o bonita e especial como essa\u201d, pontuou.<\/p>\n<div class=\"wp-block-image\">\n<figure class=\"aligncenter size-full\"><img fetchpriority=\"high\" decoding=\"async\" class=\"wp-image-948534 pk-lqip lazyautosizes pk-lazyloaded\" src=\"https:\/\/www.pbagora.com.br\/storage\/2026\/04\/Captura-de-tela-2026-04-26-121340.png\" sizes=\"573px\" srcset=\"https:\/\/www.pbagora.com.br\/storage\/2026\/04\/Captura-de-tela-2026-04-26-121340.png 573w, https:\/\/www.pbagora.com.br\/storage\/2026\/04\/Captura-de-tela-2026-04-26-121340-300x199.png 300w, https:\/\/www.pbagora.com.br\/storage\/2026\/04\/Captura-de-tela-2026-04-26-121340-150x99.png 150w, https:\/\/www.pbagora.com.br\/storage\/2026\/04\/Captura-de-tela-2026-04-26-121340-380x252.png 380w, https:\/\/www.pbagora.com.br\/storage\/2026\/04\/Captura-de-tela-2026-04-26-121340-80x53.png 80w\" alt=\"\" width=\"573\" height=\"380\" data-pk-sizes=\"auto\" data-ls-sizes=\"(max-width: 573px) 100vw, 573px\" data-pk-src=\"https:\/\/www.pbagora.com.br\/storage\/2026\/04\/Captura-de-tela-2026-04-26-121340.png\" data-pk-srcset=\"https:\/\/www.pbagora.com.br\/storage\/2026\/04\/Captura-de-tela-2026-04-26-121340.png 573w, https:\/\/www.pbagora.com.br\/storage\/2026\/04\/Captura-de-tela-2026-04-26-121340-300x199.png 300w, https:\/\/www.pbagora.com.br\/storage\/2026\/04\/Captura-de-tela-2026-04-26-121340-150x99.png 150w, https:\/\/www.pbagora.com.br\/storage\/2026\/04\/Captura-de-tela-2026-04-26-121340-380x252.png 380w, https:\/\/www.pbagora.com.br\/storage\/2026\/04\/Captura-de-tela-2026-04-26-121340-80x53.png 80w\" \/><\/figure>\n<\/div>\n<p>A presidente da Associa\u00e7\u00e3o Paraibana de Autismo (APA), Hosana Carneiro, tamb\u00e9m comemorou a realiza\u00e7\u00e3o da terceira edi\u00e7\u00e3o da corrida: \u201cEsse \u00e9 um momento de concretiza\u00e7\u00e3o de sonhos. Chegar aqui com tantas pessoas correndo, sendo 300 autistas inclu\u00eddos. Encontrar tantos gestores, pessoal da Educa\u00e7\u00e3o, do Esporte, \u00e9 uma demonstra\u00e7\u00e3o de que a inclus\u00e3o est\u00e1 realmente acontecendo em Jo\u00e3o Pessoa. O autista e sua fam\u00edlia t\u00eam direito de estar aqui. Agrade\u00e7o tamb\u00e9m a Marcus Alves, sempre \u00e0 frente, estimulando e abra\u00e7ando a causa\u201d.<\/p>\n<p>Fam\u00edlias \u2013 Os pais e familiares que levaram suas crian\u00e7as autistas para participar da 3\u00aa edi\u00e7\u00e3o da Corrida Paraibana pelo Autismo comemoraram a oportunidade da inclus\u00e3o de seus filhos.<\/p>\n<p>Aline Carvalho da Silva \u00e9 m\u00e3e at\u00edpica de Natanael, 7 anos, e participou da corrida. Para ela, foi um momento especial ao lado do filho. \u201cA import\u00e2ncia dessa corrida \u00e9 conscientizar as pessoas a ter mais empatia, a incluir, a colocar mais inclus\u00e3o nas escolas. Acredito que hoje a maior dificuldade de uma m\u00e3e at\u00edpica com seus filhos \u00e9 o acesso a algumas escolas e tamb\u00e9m \u00e0 sociedade que ainda tem muito tabu sobre o tema autismo. Isso precisa mudar urgente. Aqui \u00e9 uma forma de chamarmos a aten\u00e7\u00e3o para o que vivemos todos os dias. N\u00e3o \u00e9 f\u00e1cil\u201d, comentou.<\/p>\n<p>Pai de Eric, de 7 anos, o comerciante Leandro Soares tamb\u00e9m ressaltou a relev\u00e2ncia do evento. \u201cEsse \u00e9 um momento importante porque incentiva as pessoas a cuidar mais da sa\u00fade, mas tamb\u00e9m estimula as crian\u00e7as at\u00edpicas. Sabemos que nem sempre os pais conseguem levar seus filhos autistas para eventos como esse. \u00c9 bom demais quando o poder p\u00fablico trabalha e d\u00e1 visibilidade \u00e0 nossa causa\u201d, destacou.<\/p>\n<p>Artista autista \u2013 Um dos destaques desta edi\u00e7\u00e3o foi a camisa oficial do evento, que trouxe uma arte criada pela artista pl\u00e1stica autista Anna Beatriz, de 14 anos. No local da corrida, ela realizou uma exposi\u00e7\u00e3o de suas obras que retratam, principalmente, a figura feminina.<\/p>\n<p>\u201cEla tem esse dom, \u00e9 autodidata. Desde pequena, observamos em casa e come\u00e7amos a investir no material. Essas imagens saem da imagina\u00e7\u00e3o dela e ela coloca no papel. N\u00f3s colocamos molduras e estamos expondo agora. Beatriz tem suas limita\u00e7\u00f5es, mas n\u00f3s tentamos abra\u00e7ar e estimular para que ela ven\u00e7a e que tenha essa arte como profiss\u00e3o\u201d, comentou Cristiane Jorge de Sousa Cavalcante, m\u00e3e de Beatriz.<\/p>\n<p>Homenagem \u2013 Durante a corrida, a secret\u00e1ria de Educa\u00e7\u00e3o e Cultura de Jo\u00e3o Pessoa, Am\u00e9rica Castro, e servidores da Pasta fizeram uma homenagem \u00e0 professora Rejane Lira, que faleceu recentemente. Ela lembrou que Rejane era a chefe da Divis\u00e3o de Educa\u00e7\u00e3o Especial e que tinha um trabalho brilhante.<\/p>\n<p>\u201cHoje temos um entendimento que a educa\u00e7\u00e3o especial do Munic\u00edpio tem um divisor que \u00e9 antes e depois da professora Rejane Lira, que era dedicada, atenciosa, conhecia pelo nome todos os alunos da Rede com defici\u00eancia, sabia a hist\u00f3ria de cada um. Far\u00e1 falta, mas eu tenho certeza de que ela, de l\u00e1, est\u00e1 guiando a gente que ficou aqui para continuar cuidando desse p\u00fablico que tanto precisa de ajuda\u201d, destacou Am\u00e9rica Castro.<\/p>\n<p>O vi\u00favo, Rildo Campelo, afirmou que todos os anos ele e a esposa sempre estavam na corrida, mas ele nunca havia corrido porque tem problema no joelho. \u201cHoje decidi homenage\u00e1-la e corri tamb\u00e9m. Rejane fez muito pela educa\u00e7\u00e3o e todos dizem que ela foi um marco na parte de educa\u00e7\u00e3o especial. Acredito que esse legado vai ficar para o resto da vida na Prefeitura de Jo\u00e3o Pessoa\u201d, declarou.<\/p>\n<p>Vencedores \u2013 A corrida contou mais de 1.500 atletas inscritos para percursos de 5km e 10km, al\u00e9m da modalidade Family Run. Entre os atletas participaram ex-prefeito C\u00edcero Lucena e a ex-primeira-dama Laurem\u00edlia Lucena. Tamb\u00e9m estiveram presentes no evento o secret\u00e1rio de Esportes Jo\u00e3ozinho Neto, o executivo Juliano Sucupira, al\u00e9m do deputado federal Mersinho Lucena<\/p>\n<p>Receberam medalhas os cinco primeiros colocados de cada categoria. Nos 5km PCD feminino, o primeiro lugar foi de Roberta Gomes da Silva Santos; em segundo, Paula Andrea Costa; em terceiro, Mara Medeiros N\u00f3brega; em quarto, Raquel de C\u00e1ssia Oliveira da Silva; em quinto lugar, Arilu Cavalcante Pequeno.<\/p>\n<p>No masculino, J\u00fanior Targino da Silva foi o primeiro colocado, com Francisco Henrique em segundo, Jean Pierre F\u00e9lix em terceiro, Erivelton Barbosa C\u00e2ndido em quarto e Valter Silva na quinta coloca\u00e7\u00e3o.<\/p>\n<p>Na categoria geral 5km feminino, as campe\u00e3s foram Ver\u00f4nica Carvalho Herino Gehrke em primeiro lugar, Kelly Ramalho Freire em segundo, Rafaella de Melo Soares em terceiro, Let\u00edcia Aires Benjamin em quarto lugar e Nathalia Caroline na quinta coloca\u00e7\u00e3o.<\/p>\n<p>No masculino, os vencedores foram Marco Patr\u00edcio em primeiro lugar, Eromilson Marques Bernardino em segundo, Andr\u00e9 Lima dos Santos em terceiro, Josias do Nascimento da Silva na quarta coloca\u00e7\u00e3o e Severino da Silva Santos em quinto lugar.<\/p>\n<p>No geral 10km, Raquel Lana conquistou a primeira coloca\u00e7\u00e3o, Suelen Kivia da Silva Ferreira chegou em segundo lugar, Aline Midian Costa Macena ficou na terceira coloca\u00e7\u00e3o, Anna Ang\u00e9lica Ara\u00fajo Barros Franca na quarta e, na quinta, Geane Francisco de Andrade.<\/p>\n<p>Entre os homens, Alexandre Luiz dos Santos em primeiro, Rom\u00e1rio Davi de Franca em segundo, Ant\u00f4nio Santo na terceira coloca\u00e7\u00e3o, Romeryto C\u00e9sar Viana Pinto em quarto lugar e Edilson de Brito Silva em quinto.<\/p>\n<p>Durante a programa\u00e7\u00e3o, teve show da cantora, Mari Bigio, apresenta\u00e7\u00e3o musical com crian\u00e7as autistas e tamb\u00e9m a entrega de pr\u00eamios especiais para a adolescente Beatriz, que mora em Santa Rita e participa do projeto Somos Capazes, desenvolvido pela Funjope; para Anna Beatriz, artista autista; para o diretor executivo da Funjope, Marcus Alves; para Hosana Carneiro, presidente da APA e Karla Albuquerque, da Cl\u00ednica ProKids, patrocinadora oficial do evento.<\/p>\n<p>Esporte, conscientiza\u00e7\u00e3o e cidadania \u2013 Consolidada no calend\u00e1rio esportivo e social da Capital paraibana, a Corrida Paraibana pelo Autismo convida n\u00e3o apenas os inscritos, mas toda a popula\u00e7\u00e3o a participar e refletir sobre a import\u00e2ncia da inclus\u00e3o.<\/p>\n","protected":false},"excerpt":{"rendered":"<p>A Capital paraibana recebeu, neste domingo (26), no Busto de Tamandar\u00e9, a 3\u00aa edi\u00e7\u00e3o da Corrida Paraibana pelo Autismo, uma das maiores iniciativas do Brasil voltadas \u00e0 inclus\u00e3o e \u00e0 conscientiza\u00e7\u00e3o sobre o Transtorno do Espectro Autista (TEA). Realizado pela Prefeitura de Jo\u00e3o Pessoa, em parceria com a Associa\u00e7\u00e3o Paraibana de Autismo (APA), o evento [&hellip;]<\/p>\n","protected":false},"author":2,"featured_media":8932,"comment_status":"open","ping_status":"closed","sticky":false,"template":"","format":"standard","meta":{"footnotes":""},"categories":[7],"tags":[],"class_list":["post-8931","post","type-post","status-publish","format-standard","has-post-thumbnail","hentry","category-noticias"],"_links":{"self":[{"href":"https:\/\/radiocruzdasarmasfm.com.br\/site\/wp-json\/wp\/v2\/posts\/8931","targetHints":{"allow":["GET"]}}],"collection":[{"href":"https:\/\/radiocruzdasarmasfm.com.br\/site\/wp-json\/wp\/v2\/posts"}],"about":[{"href":"https:\/\/radiocruzdasarmasfm.com.br\/site\/wp-json\/wp\/v2\/types\/post"}],"author":[{"embeddable":true,"href":"https:\/\/radiocruzdasarmasfm.com.br\/site\/wp-json\/wp\/v2\/users\/2"}],"replies":[{"embeddable":true,"href":"https:\/\/radiocruzdasarmasfm.com.br\/site\/wp-json\/wp\/v2\/comments?post=8931"}],"version-history":[{"count":1,"href":"https:\/\/radiocruzdasarmasfm.com.br\/site\/wp-json\/wp\/v2\/posts\/8931\/revisions"}],"predecessor-version":[{"id":8933,"href":"https:\/\/radiocruzdasarmasfm.com.br\/site\/wp-json\/wp\/v2\/posts\/8931\/revisions\/8933"}],"wp:featuredmedia":[{"embeddable":true,"href":"https:\/\/radiocruzdasarmasfm.com.br\/site\/wp-json\/wp\/v2\/media\/8932"}],"wp:attachment":[{"href":"https:\/\/radiocruzdasarmasfm.com.br\/site\/wp-json\/wp\/v2\/media?parent=8931"}],"wp:term":[{"taxonomy":"category","embeddable":true,"href":"https:\/\/radiocruzdasarmasfm.com.br\/site\/wp-json\/wp\/v2\/categories?post=8931"},{"taxonomy":"post_tag","embeddable":true,"href":"https:\/\/radiocruzdasarmasfm.com.br\/site\/wp-json\/wp\/v2\/tags?post=8931"}],"curies":[{"name":"wp","href":"https:\/\/api.w.org\/{rel}","templated":true}]}}