{"id":8937,"date":"2026-04-27T09:49:07","date_gmt":"2026-04-27T12:49:07","guid":{"rendered":"https:\/\/radiocruzdasarmasfm.com.br\/site\/?p=8937"},"modified":"2026-04-27T09:49:07","modified_gmt":"2026-04-27T12:49:07","slug":"quase-150-cidades-da-pb-entram-em-alerta-amarelo-para-chuvas-e-ventos-de-ate-60-km-h","status":"publish","type":"post","link":"https:\/\/radiocruzdasarmasfm.com.br\/site\/2026\/04\/27\/quase-150-cidades-da-pb-entram-em-alerta-amarelo-para-chuvas-e-ventos-de-ate-60-km-h\/","title":{"rendered":"Quase 150 cidades da PB entram em alerta amarelo para chuvas e ventos de at\u00e9 60 km\/h"},"content":{"rendered":"<div class=\"flex max-w-full flex-col gap-4 grow\">\n<div class=\"min-h-8 text-message relative flex w-full flex-col items-end gap-2 text-start break-words whitespace-normal outline-none keyboard-focused:focus-ring [.text-message+&amp;]:mt-1\" dir=\"auto\" tabindex=\"0\" data-message-author-role=\"assistant\" data-message-id=\"46681b33-5b6e-470e-b17b-174f93cf0eff\" data-message-model-slug=\"gpt-5-3\" data-turn-start-message=\"true\">\n<div class=\"flex w-full flex-col gap-1 empty:hidden\">\n<div class=\"markdown prose dark:prose-invert w-full wrap-break-word dark markdown-new-styling\">\n<p data-start=\"0\" data-end=\"294\">O\u00a0<strong data-start=\"2\" data-end=\"48\">Instituto Nacional de Meteorologia (Inmet)<\/strong>\u00a0emitiu, nesta\u00a0<strong data-start=\"63\" data-end=\"85\">segunda-feira (27)<\/strong>, um\u00a0<strong data-start=\"90\" data-end=\"127\">alerta amarelo de chuvas intensas<\/strong>\u00a0para\u00a0<strong data-start=\"133\" data-end=\"162\">149 munic\u00edpios da Para\u00edba<\/strong>, incluindo\u00a0<strong data-start=\"174\" data-end=\"189\">Jo\u00e3o Pessoa<\/strong>. O aviso \u00e9 v\u00e1lido at\u00e9 as\u00a0<strong data-start=\"215\" data-end=\"224\">23h59<\/strong>\u00a0e indica\u00a0<strong data-start=\"234\" data-end=\"254\">perigo potencial<\/strong>\u00a0para ocorr\u00eancias relacionadas ao clima.<\/p>\n<p data-start=\"296\" data-end=\"618\">De acordo com o Inmet, as cidades sob alerta podem registrar\u00a0<strong data-start=\"357\" data-end=\"414\">chuvas entre 20 e 30 mm por hora ou at\u00e9 50 mm por dia<\/strong>, al\u00e9m de\u00a0<strong data-start=\"424\" data-end=\"462\">ventos intensos entre 40 e 60 km\/h<\/strong>. Apesar disso, o \u00f3rg\u00e3o aponta\u00a0<strong data-start=\"493\" data-end=\"508\">baixo risco<\/strong>\u00a0de eventos como\u00a0<strong data-start=\"525\" data-end=\"617\">queda de energia el\u00e9trica, alagamentos, descargas el\u00e9tricas e queda de galhos de \u00e1rvores<\/strong>.<\/p>\n<p data-start=\"620\" data-end=\"883\">Diante do cen\u00e1rio, o instituto recomenda que a popula\u00e7\u00e3o\u00a0<strong data-start=\"677\" data-end=\"716\">evite se abrigar debaixo de \u00e1rvores<\/strong>, devido ao risco de quedas e descargas el\u00e9tricas. Al\u00e9m disso, orienta que\u00a0<strong data-start=\"791\" data-end=\"882\">ve\u00edculos n\u00e3o sejam estacionados pr\u00f3ximos a torres de transmiss\u00e3o e placas de propaganda<\/strong>.<\/p>\n<p data-start=\"885\" data-end=\"1118\">Outra medida importante \u00e9\u00a0<strong data-start=\"911\" data-end=\"969\">evitar o uso de aparelhos eletr\u00f4nicos ligados \u00e0 tomada<\/strong>\u00a0durante as chuvas. Em situa\u00e7\u00f5es mais graves, como em \u00e1reas sob alerta de maior intensidade, a recomenda\u00e7\u00e3o \u00e9\u00a0<strong data-start=\"1079\" data-end=\"1117\">desligar o quadro geral de energia<\/strong>.<\/p>\n<p data-start=\"1120\" data-end=\"1249\">Em caso de emerg\u00eancia, a popula\u00e7\u00e3o pode acionar a\u00a0<strong data-start=\"1170\" data-end=\"1204\">Defesa Civil pelo telefone 199<\/strong>\u00a0ou o\u00a0<strong data-start=\"1210\" data-end=\"1248\">Corpo de Bombeiros pelo n\u00famero 193<\/strong>.<\/p>\n<\/div>\n<\/div>\n<\/div>\n<\/div>\n<div class=\"mt-3 w-full empty:hidden\">\n<div class=\"text-center\">\n<div id=\"chunk-1nd3r\">\n<div class=\"mc-column content-text active-extra-styles\" data-block-type=\"raw\" data-block-weight=\"6\" data-block-id=\"14\">\n<div class=\"content-intertitle\">\n<h2>Cidades em alerta amarelo de chuvas<\/h2>\n<\/div>\n<\/div>\n<\/div>\n<div id=\"chunk-ebu9u\">\n<div class=\"mc-column content-text active-extra-styles\" data-block-type=\"raw\" data-block-weight=\"266\" data-block-id=\"15\">\n<ol class=\"content-ordered-list theme-ordered-list-color-primary\" data-mrf-recirculation=\"Mat\u00e9ria - Links no Texto\">\n<li>Alagoa Grande<\/li>\n<li>Alagoa Nova<\/li>\n<li>Alagoinha<\/li>\n<li>Alcantil<\/li>\n<li>Algod\u00e3o de Janda\u00edra<\/li>\n<li>Alhandra<\/li>\n<li>Ara\u00e7agi<\/li>\n<li>Arara<\/li>\n<li>Araruna<\/li>\n<li>Areia<\/li>\n<li>Areia de Bara\u00fanas<\/li>\n<li>Areial<\/li>\n<li>Aroeiras<\/li>\n<li>Assun\u00e7\u00e3o<\/li>\n<li>Ba\u00eda da Trai\u00e7\u00e3o<\/li>\n<li>Bananeiras<\/li>\n<li>Bara\u00fana<\/li>\n<li>Barra de Santana<\/li>\n<li>Barra de Santa Rosa<\/li>\n<li>Barra de S\u00e3o Miguel<\/li>\n<li>Bayeux<\/li>\n<li>Bel\u00e9m<\/li>\n<li>Bel\u00e9m do Brejo do Cruz<\/li>\n<li>Boa Vista<\/li>\n<li>Bom Sucesso<\/li>\n<li>Boqueir\u00e3o<\/li>\n<li>Borborema<\/li>\n<li>Brejo do Cruz<\/li>\n<li>Brejo dos Santos<\/li>\n<li>Caapor\u00e3<\/li>\n<li>Cabaceiras<\/li>\n<li>Cabedelo<\/li>\n<li>Cacimba de Dentro<\/li>\n<li>Cai\u00e7ara<\/li>\n<li>Caldas Brand\u00e3o<\/li>\n<li>Camala\u00fa<\/li>\n<li>Campina Grande<\/li>\n<li>Capim<\/li>\n<li>Cara\u00fabas<\/li>\n<li>Casserengue<\/li>\n<li>Catol\u00e9 do Rocha<\/li>\n<li>Caturit\u00e9<\/li>\n<li>Conde<\/li>\n<li>Congo<\/li>\n<li>Coxixola<\/li>\n<li>Cruz do Esp\u00edrito Santo<\/li>\n<li>Cubati<\/li>\n<li>Cuit\u00e9<\/li>\n<li>Cuit\u00e9 de Mamanguape<\/li>\n<li>Cuitegi<\/li>\n<li>Curral de Cima<\/li>\n<li>Dami\u00e3o<\/li>\n<li>Dona In\u00eas<\/li>\n<li>Duas Estradas<\/li>\n<li>Esperan\u00e7a<\/li>\n<li>Fagundes<\/li>\n<li>Frei Martinho<\/li>\n<li>Gado Bravo<\/li>\n<li>Guarabira<\/li>\n<li>Gurinh\u00e9m<\/li>\n<li>Gurj\u00e3o<\/li>\n<li>Ing\u00e1<\/li>\n<li>Itabaiana<\/li>\n<li>Itapororoca<\/li>\n<li>Itatuba<\/li>\n<li>Jacara\u00fa<\/li>\n<li>Jeric\u00f3<\/li>\n<li>Jo\u00e3o Pessoa<\/li>\n<li>Juarez T\u00e1vora<\/li>\n<li>Juazeirinho<\/li>\n<li>Junco do Serid\u00f3<\/li>\n<li>Juripiranga<\/li>\n<li>Lagoa de Dentro<\/li>\n<li>Lagoa Seca<\/li>\n<li>Livramento<\/li>\n<li>Logradouro<\/li>\n<li>Lucena<\/li>\n<li>Mamanguape<\/li>\n<li>Marca\u00e7\u00e3o<\/li>\n<li>Mari<\/li>\n<li>Massaranduba<\/li>\n<li>Mataraca<\/li>\n<li>Matinhas<\/li>\n<li>Mato Grosso<\/li>\n<li>Mogeiro<\/li>\n<li>Montadas<\/li>\n<li>Mulungu<\/li>\n<li>Natuba<\/li>\n<li>Nova Floresta<\/li>\n<li>Nova Palmeira<\/li>\n<li>Olivedos<\/li>\n<li>Parari<\/li>\n<li>Passagem<\/li>\n<li>Patos<\/li>\n<li>Paulista<\/li>\n<li>Pedra Lavrada<\/li>\n<li>Pedras de Fogo<\/li>\n<li>Pedro R\u00e9gis<\/li>\n<li>Picu\u00ed<\/li>\n<li>Pilar<\/li>\n<li>Pil\u00f5es<\/li>\n<li>Pil\u00f5ezinhos<\/li>\n<li>Pirpirituba<\/li>\n<li>Pitimbu<\/li>\n<li>Pocinhos<\/li>\n<li>Puxinan\u00e3<\/li>\n<li>Queimadas<\/li>\n<li>Quixaba<\/li>\n<li>Rem\u00edgio<\/li>\n<li>Riach\u00e3o<\/li>\n<li>Riach\u00e3o do Bacamarte<\/li>\n<li>Riach\u00e3o do Po\u00e7o<\/li>\n<li>Riacho de Santo Ant\u00f4nio<\/li>\n<li>Riacho dos Cavalos<\/li>\n<li>Rio Tinto<\/li>\n<li>Salgadinho<\/li>\n<li>Salgado de S\u00e3o F\u00e9lix<\/li>\n<li>Santa Cec\u00edlia<\/li>\n<li>Santa Luzia<\/li>\n<li>Santa Rita<\/li>\n<li>Santo Andr\u00e9<\/li>\n<li>S\u00e3o Bento<\/li>\n<li>S\u00e3o Domingos do Cariri<\/li>\n<li>S\u00e3o Jo\u00e3o do Cariri<\/li>\n<li>S\u00e3o Jo\u00e3o do Tigre<\/li>\n<li>S\u00e3o Jos\u00e9 de Espinharas<\/li>\n<li>S\u00e3o Jos\u00e9 do Brejo do Cruz<\/li>\n<li>S\u00e3o Jos\u00e9 do Sabugi<\/li>\n<li>S\u00e3o Jos\u00e9 dos Cordeiros<\/li>\n<li>S\u00e3o Jos\u00e9 dos Ramos<\/li>\n<li>S\u00e3o Mamede<\/li>\n<li>S\u00e3o Miguel de Taipu<\/li>\n<li>S\u00e3o Sebasti\u00e3o de Lagoa de Ro\u00e7a<\/li>\n<li>S\u00e3o Vicente do Serid\u00f3<\/li>\n<li>Sap\u00e9<\/li>\n<li>Serra Branca<\/li>\n<li>Serra da Raiz<\/li>\n<li>Serra Redonda<\/li>\n<li>Serraria<\/li>\n<li>Sert\u00e3ozinho<\/li>\n<li>Sobrado<\/li>\n<li>Sol\u00e2nea<\/li>\n<li>Soledade<\/li>\n<li>Soss\u00eago<\/li>\n<li>Tacima<\/li>\n<li>Tapero\u00e1<\/li>\n<li>Ten\u00f3rio<\/li>\n<li>Umbuzeiro<\/li>\n<li>V\u00e1rzea<\/li>\n<\/ol>\n<\/div>\n<\/div>\n<\/div>\n<\/div>\n","protected":false},"excerpt":{"rendered":"<p>O\u00a0Instituto Nacional de Meteorologia (Inmet)\u00a0emitiu, nesta\u00a0segunda-feira (27), um\u00a0alerta amarelo de chuvas intensas\u00a0para\u00a0149 munic\u00edpios da Para\u00edba, incluindo\u00a0Jo\u00e3o Pessoa. O aviso \u00e9 v\u00e1lido at\u00e9 as\u00a023h59\u00a0e indica\u00a0perigo potencial\u00a0para ocorr\u00eancias relacionadas ao clima. De acordo com o Inmet, as cidades sob alerta podem registrar\u00a0chuvas entre 20 e 30 mm por hora ou at\u00e9 50 mm por dia, al\u00e9m de\u00a0ventos [&hellip;]<\/p>\n","protected":false},"author":2,"featured_media":8938,"comment_status":"open","ping_status":"closed","sticky":false,"template":"","format":"standard","meta":{"footnotes":""},"categories":[7],"tags":[],"class_list":["post-8937","post","type-post","status-publish","format-standard","has-post-thumbnail","hentry","category-noticias"],"_links":{"self":[{"href":"https:\/\/radiocruzdasarmasfm.com.br\/site\/wp-json\/wp\/v2\/posts\/8937","targetHints":{"allow":["GET"]}}],"collection":[{"href":"https:\/\/radiocruzdasarmasfm.com.br\/site\/wp-json\/wp\/v2\/posts"}],"about":[{"href":"https:\/\/radiocruzdasarmasfm.com.br\/site\/wp-json\/wp\/v2\/types\/post"}],"author":[{"embeddable":true,"href":"https:\/\/radiocruzdasarmasfm.com.br\/site\/wp-json\/wp\/v2\/users\/2"}],"replies":[{"embeddable":true,"href":"https:\/\/radiocruzdasarmasfm.com.br\/site\/wp-json\/wp\/v2\/comments?post=8937"}],"version-history":[{"count":1,"href":"https:\/\/radiocruzdasarmasfm.com.br\/site\/wp-json\/wp\/v2\/posts\/8937\/revisions"}],"predecessor-version":[{"id":8939,"href":"https:\/\/radiocruzdasarmasfm.com.br\/site\/wp-json\/wp\/v2\/posts\/8937\/revisions\/8939"}],"wp:featuredmedia":[{"embeddable":true,"href":"https:\/\/radiocruzdasarmasfm.com.br\/site\/wp-json\/wp\/v2\/media\/8938"}],"wp:attachment":[{"href":"https:\/\/radiocruzdasarmasfm.com.br\/site\/wp-json\/wp\/v2\/media?parent=8937"}],"wp:term":[{"taxonomy":"category","embeddable":true,"href":"https:\/\/radiocruzdasarmasfm.com.br\/site\/wp-json\/wp\/v2\/categories?post=8937"},{"taxonomy":"post_tag","embeddable":true,"href":"https:\/\/radiocruzdasarmasfm.com.br\/site\/wp-json\/wp\/v2\/tags?post=8937"}],"curies":[{"name":"wp","href":"https:\/\/api.w.org\/{rel}","templated":true}]}}