{"id":8940,"date":"2026-04-27T10:01:32","date_gmt":"2026-04-27T13:01:32","guid":{"rendered":"https:\/\/radiocruzdasarmasfm.com.br\/site\/?p=8940"},"modified":"2026-04-27T10:01:32","modified_gmt":"2026-04-27T13:01:32","slug":"operacao-cifrao-justica-federal-condena-sete-reus-por-fraudes-em-contratos-do-sesi-pb","status":"publish","type":"post","link":"https:\/\/radiocruzdasarmasfm.com.br\/site\/2026\/04\/27\/operacao-cifrao-justica-federal-condena-sete-reus-por-fraudes-em-contratos-do-sesi-pb\/","title":{"rendered":"Opera\u00e7\u00e3o Cifr\u00e3o: Justi\u00e7a Federal condena sete r\u00e9us por fraudes em contratos do Sesi-PB"},"content":{"rendered":"<p>A Justi\u00e7a Federal na Para\u00edba condenou sete r\u00e9us por envolvimento em um esquema de fraudes no Servi\u00e7o Social da Ind\u00fastria (Sesi-PB), investigado no \u00e2mbito da Opera\u00e7\u00e3o Cifr\u00e3o. A a\u00e7\u00e3o apontou irregularidades em licita\u00e7\u00f5es e contratos de obras que somam cerca de R$ 3,8 milh\u00f5es.<\/p>\n<p>Quatro dos acusados foram condenados a 9 anos e 1 m\u00eas de pris\u00e3o em regime inicial fechado, al\u00e9m de multa. Outros tr\u00eas receberam pena de 3 anos e 9 meses em regime aberto, substitu\u00edda por presta\u00e7\u00e3o de servi\u00e7os \u00e0 comunidade e pagamento de R$ 20 mil, conforme previsto no C\u00f3digo Penal.<\/p>\n<p>As investiga\u00e7\u00f5es tiveram origem em auditoria da CGU, que identificou irregularidades em licita\u00e7\u00f5es, incluindo direcionamento de contratos, restri\u00e7\u00e3o \u00e0 concorr\u00eancia e pagamentos por servi\u00e7os n\u00e3o executados. O esquema envolvia gestores do Sesi-PB, empres\u00e1rios e intermedi\u00e1rios, com divis\u00e3o de tarefas para desviar recursos p\u00fablicos e manipular documentos administrativos.<\/p>\n<p>Tamb\u00e9m foram identificadas pr\u00e1ticas de lavagem de dinheiro, como uso de terceiros, movimenta\u00e7\u00f5es financeiras fracionadas e saques em esp\u00e9cie para ocultar a origem dos valores.<\/p>\n<p>As investiga\u00e7\u00f5es do caso foram conduzidas pelo Minist\u00e9rio P\u00fablico da Para\u00edba, Minist\u00e9rio P\u00fablico Federal, Pol\u00edcia Federal e Controladoria-Geral da Uni\u00e3o.<\/p>\n","protected":false},"excerpt":{"rendered":"<p>A Justi\u00e7a Federal na Para\u00edba condenou sete r\u00e9us por envolvimento em um esquema de fraudes no Servi\u00e7o Social da Ind\u00fastria (Sesi-PB), investigado no \u00e2mbito da Opera\u00e7\u00e3o Cifr\u00e3o. A a\u00e7\u00e3o apontou irregularidades em licita\u00e7\u00f5es e contratos de obras que somam cerca de R$ 3,8 milh\u00f5es. Quatro dos acusados foram condenados a 9 anos e 1 m\u00eas [&hellip;]<\/p>\n","protected":false},"author":2,"featured_media":8941,"comment_status":"open","ping_status":"closed","sticky":false,"template":"","format":"standard","meta":{"footnotes":""},"categories":[7],"tags":[],"class_list":["post-8940","post","type-post","status-publish","format-standard","has-post-thumbnail","hentry","category-noticias"],"_links":{"self":[{"href":"https:\/\/radiocruzdasarmasfm.com.br\/site\/wp-json\/wp\/v2\/posts\/8940","targetHints":{"allow":["GET"]}}],"collection":[{"href":"https:\/\/radiocruzdasarmasfm.com.br\/site\/wp-json\/wp\/v2\/posts"}],"about":[{"href":"https:\/\/radiocruzdasarmasfm.com.br\/site\/wp-json\/wp\/v2\/types\/post"}],"author":[{"embeddable":true,"href":"https:\/\/radiocruzdasarmasfm.com.br\/site\/wp-json\/wp\/v2\/users\/2"}],"replies":[{"embeddable":true,"href":"https:\/\/radiocruzdasarmasfm.com.br\/site\/wp-json\/wp\/v2\/comments?post=8940"}],"version-history":[{"count":1,"href":"https:\/\/radiocruzdasarmasfm.com.br\/site\/wp-json\/wp\/v2\/posts\/8940\/revisions"}],"predecessor-version":[{"id":8942,"href":"https:\/\/radiocruzdasarmasfm.com.br\/site\/wp-json\/wp\/v2\/posts\/8940\/revisions\/8942"}],"wp:featuredmedia":[{"embeddable":true,"href":"https:\/\/radiocruzdasarmasfm.com.br\/site\/wp-json\/wp\/v2\/media\/8941"}],"wp:attachment":[{"href":"https:\/\/radiocruzdasarmasfm.com.br\/site\/wp-json\/wp\/v2\/media?parent=8940"}],"wp:term":[{"taxonomy":"category","embeddable":true,"href":"https:\/\/radiocruzdasarmasfm.com.br\/site\/wp-json\/wp\/v2\/categories?post=8940"},{"taxonomy":"post_tag","embeddable":true,"href":"https:\/\/radiocruzdasarmasfm.com.br\/site\/wp-json\/wp\/v2\/tags?post=8940"}],"curies":[{"name":"wp","href":"https:\/\/api.w.org\/{rel}","templated":true}]}}