{"id":8943,"date":"2026-04-27T10:06:31","date_gmt":"2026-04-27T13:06:31","guid":{"rendered":"https:\/\/radiocruzdasarmasfm.com.br\/site\/?p=8943"},"modified":"2026-04-27T10:06:31","modified_gmt":"2026-04-27T13:06:31","slug":"semob-jp-aciona-inteligencia-para-identificar-envolvidos-em-retirada-forcada-de-moto-apreendida","status":"publish","type":"post","link":"https:\/\/radiocruzdasarmasfm.com.br\/site\/2026\/04\/27\/semob-jp-aciona-inteligencia-para-identificar-envolvidos-em-retirada-forcada-de-moto-apreendida\/","title":{"rendered":"Semob-JP aciona intelig\u00eancia para identificar envolvidos em retirada for\u00e7ada de moto apreendida"},"content":{"rendered":"<p>A Superintend\u00eancia Executiva de Mobilidade Urbana de Jo\u00e3o Pessoa (Semob-JP) informou que acionou \u00f3rg\u00e3os de intelig\u00eancia das for\u00e7as de seguran\u00e7a para identificar os respons\u00e1veis pela retirada for\u00e7ada de uma moto apreendida durante fiscaliza\u00e7\u00e3o realizada na \u00faltima sexta-feira (24), na rua 13 de Maio, no centro da capital.<\/p>\n<div class=\"related\">\n<div><span class=\"leiatambem\">Leia Tamb\u00e9m:<\/span><\/p>\n<div class=\"pk-inline-posts\">\n<div class=\"pk-inline-posts-container pk-inline-posts-template-grid\" data-columns=\"1\">\n<article id=\"post-948604\" class=\"post-948604 post type-post status-publish format-standard has-post-thumbnail category-paraiba tag-destaque-centro-01 cs-entry cs-video-wrap\">\n<div class=\"pk-post-outer\">\n<div class=\"pk-post-inner\"><\/div>\n<div class=\"pk-post-inner\">\n<header>\n<h5 class=\"pk-title\"><a href=\"https:\/\/www.pbagora.com.br\/noticia\/paraiba\/governo-federal-amplia-para-118-os-municipios-da-paraiba-em-estado-de-emergencia-por-estiagem\/\" rel=\"bookmark\">Governo Federal amplia para 118 os munic\u00edpios da Para\u00edba em estado de emerg\u00eancia por estiagem<\/a><\/h5>\n<\/header>\n<\/div>\n<\/div>\n<\/article>\n<\/div>\n<\/div>\n<\/div>\n<\/div>\n<p>De acordo com a nota divulgada pela autarquia, agentes constataram que o ve\u00edculo estava estacionado de forma irregular em uma vaga destinada a autom\u00f3veis, em desacordo com as normas da zona azul digital. Durante a abordagem, tamb\u00e9m foi verificado que a moto estava com o licenciamento em atraso, o que impede sua circula\u00e7\u00e3o conforme a legisla\u00e7\u00e3o de tr\u00e2nsito.<\/p>\n<p>Por\u00e9m no momento do procedimento, um grupo de populares teria agido impedido a continuidade da fiscaliza\u00e7\u00e3o, retirando a moto \u00e0 for\u00e7a com o apoio do propriet\u00e1rio.<\/p>\n<p>A Pol\u00edcia Militar e a Guarda Civil Metropolitana foram acionadas para prestar apoio, mas quando chegaram ao local os envolvidos j\u00e1 haviam se dispersado. At\u00e9 o momento, n\u00e3o houve deten\u00e7\u00f5es.<\/p>\n<p>A Semob-JP informou que j\u00e1 acionou os \u00f3rg\u00e3os de intelig\u00eancia das for\u00e7as de seguran\u00e7a para identificar os respons\u00e1veis e adotar as medidas legais cab\u00edveis.<\/p>\n","protected":false},"excerpt":{"rendered":"<p>A Superintend\u00eancia Executiva de Mobilidade Urbana de Jo\u00e3o Pessoa (Semob-JP) informou que acionou \u00f3rg\u00e3os de intelig\u00eancia das for\u00e7as de seguran\u00e7a para identificar os respons\u00e1veis pela retirada for\u00e7ada de uma moto apreendida durante fiscaliza\u00e7\u00e3o realizada na \u00faltima sexta-feira (24), na rua 13 de Maio, no centro da capital. Leia Tamb\u00e9m: Governo Federal amplia para 118 os [&hellip;]<\/p>\n","protected":false},"author":2,"featured_media":8944,"comment_status":"open","ping_status":"closed","sticky":false,"template":"","format":"standard","meta":{"footnotes":""},"categories":[7],"tags":[],"class_list":["post-8943","post","type-post","status-publish","format-standard","has-post-thumbnail","hentry","category-noticias"],"_links":{"self":[{"href":"https:\/\/radiocruzdasarmasfm.com.br\/site\/wp-json\/wp\/v2\/posts\/8943","targetHints":{"allow":["GET"]}}],"collection":[{"href":"https:\/\/radiocruzdasarmasfm.com.br\/site\/wp-json\/wp\/v2\/posts"}],"about":[{"href":"https:\/\/radiocruzdasarmasfm.com.br\/site\/wp-json\/wp\/v2\/types\/post"}],"author":[{"embeddable":true,"href":"https:\/\/radiocruzdasarmasfm.com.br\/site\/wp-json\/wp\/v2\/users\/2"}],"replies":[{"embeddable":true,"href":"https:\/\/radiocruzdasarmasfm.com.br\/site\/wp-json\/wp\/v2\/comments?post=8943"}],"version-history":[{"count":1,"href":"https:\/\/radiocruzdasarmasfm.com.br\/site\/wp-json\/wp\/v2\/posts\/8943\/revisions"}],"predecessor-version":[{"id":8945,"href":"https:\/\/radiocruzdasarmasfm.com.br\/site\/wp-json\/wp\/v2\/posts\/8943\/revisions\/8945"}],"wp:featuredmedia":[{"embeddable":true,"href":"https:\/\/radiocruzdasarmasfm.com.br\/site\/wp-json\/wp\/v2\/media\/8944"}],"wp:attachment":[{"href":"https:\/\/radiocruzdasarmasfm.com.br\/site\/wp-json\/wp\/v2\/media?parent=8943"}],"wp:term":[{"taxonomy":"category","embeddable":true,"href":"https:\/\/radiocruzdasarmasfm.com.br\/site\/wp-json\/wp\/v2\/categories?post=8943"},{"taxonomy":"post_tag","embeddable":true,"href":"https:\/\/radiocruzdasarmasfm.com.br\/site\/wp-json\/wp\/v2\/tags?post=8943"}],"curies":[{"name":"wp","href":"https:\/\/api.w.org\/{rel}","templated":true}]}}