{"id":8959,"date":"2026-04-29T17:43:10","date_gmt":"2026-04-29T20:43:10","guid":{"rendered":"https:\/\/radiocruzdasarmasfm.com.br\/site\/?p=8959"},"modified":"2026-04-29T17:43:10","modified_gmt":"2026-04-29T20:43:10","slug":"saiba-o-que-vai-funcionar-no-feriadao-do-dia-do-trabalhador","status":"publish","type":"post","link":"https:\/\/radiocruzdasarmasfm.com.br\/site\/2026\/04\/29\/saiba-o-que-vai-funcionar-no-feriadao-do-dia-do-trabalhador\/","title":{"rendered":"Saiba o que vai funcionar no feriad\u00e3o do Dia do Trabalhador"},"content":{"rendered":"<p class=\"wp-block-paragraph\">Todas as ag\u00eancias do Instituto Nacional do Seguro Social (INSS) estar\u00e3o fechadas nesta sexta-feira (1\u00ba de maio), em raz\u00e3o do\u00a0feriado do Dia do Trabalhador. Os atendimentos nas unidades retornar\u00e3o normalmente na segunda-feira (4).<img decoding=\"async\" src=\"https:\/\/agenciabrasil.ebc.com.br\/ebc.png?id=1687685&amp;o=node\" \/><img decoding=\"async\" src=\"https:\/\/agenciabrasil.ebc.com.br\/ebc.gif?id=1687685&amp;o=node\" \/><\/p>\n<p class=\"wp-block-paragraph\">Durante o feriado, a\u00a0Central 135\u00a0realizar\u00e1 apenas atendimentos eletr\u00f4nicos, por telefone. A central retornar\u00e1 com o atendimento\u00a0neste s\u00e1bado (2), das 7 horas \u00e0s 22 horas.<\/p>\n<p class=\"wp-block-paragraph\">O\u00a0site\u00a0e aplicativo\u00a0Meu INSS\u00a0seguem em funcionamento 24 horas\u00a0por dia\u00a0durante o feriado. Por meio desses, \u00e9 poss\u00edvel acessar servi\u00e7os e informa\u00e7\u00f5es a qualquer hor\u00e1rio.<\/p>\n<p class=\"wp-block-paragraph\">Este canal de contato\u00a0<em>online<\/em>\u00a0com os cidad\u00e3os possibilita\u00a0consultas e emiss\u00e3o de extratos, acesso a dados sobre contribui\u00e7\u00f5es previdenci\u00e1rias, lista de empregadores e per\u00edodos trabalhados.<\/p>\n<h2 class=\"wp-block-heading\">Correios<\/h2>\n<p class=\"wp-block-paragraph\">No feriado nacional do Dia do Trabalhador\u00a0n\u00e3o haver\u00e1 atendimento nas\u00a0ag\u00eancias dos Correios. No s\u00e1bado (2)\u00a0v\u00e3o funcionar as\u00a0ag\u00eancias que atendem normalmente neste dia da semana. Os Correios comunicam que ainda ser\u00e3o realizadas atividades regulares de entrega de correspond\u00eancias e de encomendas.<\/p>\n<p class=\"wp-block-paragraph\">Os endere\u00e7os e hor\u00e1rios de funcionamento das ag\u00eancias em cada munic\u00edpio podem ser consultados no\u00a0<a href=\"https:\/\/buscaagencia.correios.com.br\/app\/index.php\" target=\"_blank\" rel=\"noreferrer noopener\">site<\/a>\u00a0dos Correios.<\/p>\n<p class=\"wp-block-paragraph\">Neste per\u00edodo, a empresa estar\u00e1 dispon\u00edvel por meio do atendimento automatizado da\u00a0Atendente Virtual dos Correios \u2013\u00a0Carol \u2013\u00a0\u00a0nos seguintes canais:<\/p>\n<ul class=\"wp-block-list\">\n<li><a href=\"https:\/\/www.correios.com.br\/falecomoscorreios\/central-de-atendimento\" target=\"_blank\" rel=\"noreferrer noopener\">site dos Correios<\/a>, na p\u00e1gina do\u00a0Fale Conosco;<\/li>\n<li>telefones: 4003-8210; 0800-881-8210; 0800-881-8211 (atendimento a pessoas com defici\u00eancia auditiva);<\/li>\n<li>WhatsApp: (11) 4003-8210;<\/li>\n<li>chat, dispon\u00edvel diretamente no portal e no Super App.<\/li>\n<\/ul>\n<h2 class=\"wp-block-heading\">Bancos<\/h2>\n<p class=\"wp-block-paragraph\">A Federa\u00e7\u00e3o Brasileira de Bancos (Febraban), entidade representativa dos bancos brasileiros, informou que as\u00a0ag\u00eancias banc\u00e1rias estar\u00e3o fechadas no feriado do Dia do Trabalho.<\/p>\n<p class=\"wp-block-paragraph\">No entanto, as \u00e1reas de autoatendimento nas ag\u00eancias, assim como os canais digitais dos bancos (celulares e computadores) estar\u00e3o dispon\u00edveis, para a realiza\u00e7\u00e3o de\u00a0transfer\u00eancias e pagamento de contas, e demais servi\u00e7os.<\/p>\n<p class=\"wp-block-paragraph\">Os\u00a0boletos de cobran\u00e7a e contas de consumo\u00a0(\u00e1gua, energia, telefone, entre outros) com vencimento no feriado (1\u00ba) poder\u00e3o ser pagos, sem acr\u00e9scimo, no pr\u00f3ximo dia \u00fatil, nas localidades onde n\u00e3o h\u00e1 feriado ou ponto facultativo.<\/p>\n<p class=\"wp-block-paragraph\">A institui\u00e7\u00e3o esclarece que os s\u00e1bados n\u00e3o s\u00e3o considerados dias \u00fateis e, por essa raz\u00e3o, n\u00e3o h\u00e1 liquida\u00e7\u00e3o financeira.<\/p>\n<p class=\"wp-block-paragraph\">Os clientes cadastrados como sacados eletr\u00f4nicos podem pagar seus boletos banc\u00e1rios via\u00a0D\u00e9bito Direto Autorizado (DDA).<\/p>\n<p class=\"wp-block-paragraph\">No caso do\u00a0pagamento de tributos e impostos, caso ven\u00e7am nos dias em que n\u00e3o h\u00e1 compensa\u00e7\u00e3o banc\u00e1ria, a Febraban alerta que \u00e9 necess\u00e1rio que o pagamento seja\u00a0antecipado, para evitar a incid\u00eancia de juros e multa.<\/p>\n<h2 class=\"wp-block-heading\">Seguran\u00e7a<\/h2>\n<p class=\"wp-block-paragraph\">Os efetivos da Pol\u00edcia Militar e do Corpo de Bombeiros dos munic\u00edpios funcionam em regime de\u00a0plant\u00e3o 24 horas, por meios dos\u00a0telefones 190 e 193, respectivamente. Os bombeiros t\u00eam foco em traumas e resgates f\u00edsicos, como acidentes de tr\u00e2nsito, pessoas presas em ferragens, inc\u00eandios, soterramentos, salvamentos aqu\u00e1ticos.<\/p>\n<p class=\"wp-block-paragraph\">As delegacias da Pol\u00edcia Civil nos munic\u00edpios atendem em\u00a0regime de plant\u00e3o.<\/p>\n<p class=\"wp-block-paragraph\">Algumas localidades possuem o servi\u00e7o das delegacias digitais\u00a0para registrar ocorr\u00eancias policiais\u00a0<em>online<\/em>, sem necessidade do internauta se deslocar at\u00e9 uma delegacia f\u00edsica.<\/p>\n<p class=\"wp-block-paragraph\">S\u00e3o exemplos de registros: estelionato e fraudes (inclusive golpes digitais); extravio ou perda de documentos e objetos; acidentes de tr\u00e2nsito sem v\u00edtimas; e den\u00fancias\u00a0<em>online<\/em>\u00a0de viol\u00eancia dom\u00e9stica relacionadas \u00e0 Lei Maria da Penha<\/p>\n","protected":false},"excerpt":{"rendered":"<p>Todas as ag\u00eancias do Instituto Nacional do Seguro Social (INSS) estar\u00e3o fechadas nesta sexta-feira (1\u00ba de maio), em raz\u00e3o do\u00a0feriado do Dia do Trabalhador. Os atendimentos nas unidades retornar\u00e3o normalmente na segunda-feira (4). Durante o feriado, a\u00a0Central 135\u00a0realizar\u00e1 apenas atendimentos eletr\u00f4nicos, por telefone. A central retornar\u00e1 com o atendimento\u00a0neste s\u00e1bado (2), das 7 horas \u00e0s [&hellip;]<\/p>\n","protected":false},"author":2,"featured_media":8960,"comment_status":"open","ping_status":"closed","sticky":false,"template":"","format":"standard","meta":{"footnotes":""},"categories":[7],"tags":[],"class_list":["post-8959","post","type-post","status-publish","format-standard","has-post-thumbnail","hentry","category-noticias"],"_links":{"self":[{"href":"https:\/\/radiocruzdasarmasfm.com.br\/site\/wp-json\/wp\/v2\/posts\/8959","targetHints":{"allow":["GET"]}}],"collection":[{"href":"https:\/\/radiocruzdasarmasfm.com.br\/site\/wp-json\/wp\/v2\/posts"}],"about":[{"href":"https:\/\/radiocruzdasarmasfm.com.br\/site\/wp-json\/wp\/v2\/types\/post"}],"author":[{"embeddable":true,"href":"https:\/\/radiocruzdasarmasfm.com.br\/site\/wp-json\/wp\/v2\/users\/2"}],"replies":[{"embeddable":true,"href":"https:\/\/radiocruzdasarmasfm.com.br\/site\/wp-json\/wp\/v2\/comments?post=8959"}],"version-history":[{"count":1,"href":"https:\/\/radiocruzdasarmasfm.com.br\/site\/wp-json\/wp\/v2\/posts\/8959\/revisions"}],"predecessor-version":[{"id":8961,"href":"https:\/\/radiocruzdasarmasfm.com.br\/site\/wp-json\/wp\/v2\/posts\/8959\/revisions\/8961"}],"wp:featuredmedia":[{"embeddable":true,"href":"https:\/\/radiocruzdasarmasfm.com.br\/site\/wp-json\/wp\/v2\/media\/8960"}],"wp:attachment":[{"href":"https:\/\/radiocruzdasarmasfm.com.br\/site\/wp-json\/wp\/v2\/media?parent=8959"}],"wp:term":[{"taxonomy":"category","embeddable":true,"href":"https:\/\/radiocruzdasarmasfm.com.br\/site\/wp-json\/wp\/v2\/categories?post=8959"},{"taxonomy":"post_tag","embeddable":true,"href":"https:\/\/radiocruzdasarmasfm.com.br\/site\/wp-json\/wp\/v2\/tags?post=8959"}],"curies":[{"name":"wp","href":"https:\/\/api.w.org\/{rel}","templated":true}]}}