{"id":8962,"date":"2026-04-29T17:49:54","date_gmt":"2026-04-29T20:49:54","guid":{"rendered":"https:\/\/radiocruzdasarmasfm.com.br\/site\/?p=8962"},"modified":"2026-04-29T17:49:54","modified_gmt":"2026-04-29T20:49:54","slug":"corpo-de-idosa-que-estava-desaparecida-foi-encontrado-sem-roupas-intimas-diz-pericia","status":"publish","type":"post","link":"https:\/\/radiocruzdasarmasfm.com.br\/site\/2026\/04\/29\/corpo-de-idosa-que-estava-desaparecida-foi-encontrado-sem-roupas-intimas-diz-pericia\/","title":{"rendered":"Corpo de idosa que estava desaparecida foi encontrado sem roupas \u00edntimas, diz per\u00edcia"},"content":{"rendered":"<div class=\"bloco-texto my-4\">\n<p class=\"wp-block-paragraph\">O corpo da idosa Milce Daniel, de 72 anos, que estava desaparecida desde a semana passada foi encontrado sem as pe\u00e7as \u00edntimas. A informa\u00e7\u00e3o foi divulgada pelo perito do N\u00facleo de Medicina e Odontologia Legal (Numol), Aldenir Lins, durante entrevista \u00e0\u00a0<strong>TV Correio\/Record.<\/strong><\/p>\n<p class=\"wp-block-paragraph\">\u201cRealmente tava sem uma pe\u00e7a de roupa \u00edntima, que foi encontrada do lado. A princ\u00edpio, pelo estado que se encontra, n\u00e3o foi encontrado o sinal de viol\u00eancia porque n\u00e3o \u00e9 vis\u00edvel nesse instante.\u201d disse.<\/p>\n<p class=\"wp-block-paragraph\">Ele ressaltou que qualquer conclus\u00e3o sobre poss\u00edvel crime, incluindo viol\u00eancia sexual, s\u00f3 poder\u00e1 ser confirmada ap\u00f3s a realiza\u00e7\u00e3o da necropsia.<\/p>\n<p class=\"wp-block-paragraph\">Ainda conforme a per\u00edcia, h\u00e1 ind\u00edcios de que o corpo esteja no local h\u00e1 mais de 48 horas. A hip\u00f3tese inicial \u00e9 de que a idosa possa ter chegado \u00e0 \u00e1rea ainda com vida, considerando as condi\u00e7\u00f5es da cena, como a presen\u00e7a da sand\u00e1lia e a posi\u00e7\u00e3o do corpo.<\/p>\n<p class=\"wp-block-paragraph\">O caso segue sob investiga\u00e7\u00e3o, e o resultado da necropsia, que deve ser realizada ainda nesta quarta-feira (29), ser\u00e1 fundamental para esclarecer as circunst\u00e2ncias da morte.<\/p>\n<h2 class=\"wp-block-heading\">Suspeito detido<\/h2>\n<p class=\"wp-block-paragraph\">O principal suspeito de envolvimento na morte da idosa, Willis Cosmo, foi conduzido \u00e0 delegacia. Segundo as investiga\u00e7\u00f5es, ele era amigo da mulher e foi levado para prestar depoimento.<\/p>\n<p class=\"wp-block-paragraph\">De acordo com o delegado Douglas Garcia, antes do desaparecimento, Milce esteve com o suspeito a teria acompanhado at\u00e9 o Hospital Metropolitano para a realiza\u00e7\u00e3o de um exame de imagem. Em seguida, os dois teriam ido at\u00e9 uma \u00e1rea de mata, na regi\u00e3o do Rio do Meio, para colher frutas, quando teria desaparecido.<\/p>\n<\/div>\n<div class=\"mb-3\">\n<div class=\"post_share\" title=\"\" data-toggle=\"tooltip\" data-placement=\"top\" data-bs-original-title=\"Compartilhar\"><span class=\"social-title\">C<\/span><\/div>\n<\/div>\n","protected":false},"excerpt":{"rendered":"<p>O corpo da idosa Milce Daniel, de 72 anos, que estava desaparecida desde a semana passada foi encontrado sem as pe\u00e7as \u00edntimas. A informa\u00e7\u00e3o foi divulgada pelo perito do N\u00facleo de Medicina e Odontologia Legal (Numol), Aldenir Lins, durante entrevista \u00e0\u00a0TV Correio\/Record. \u201cRealmente tava sem uma pe\u00e7a de roupa \u00edntima, que foi encontrada do lado. [&hellip;]<\/p>\n","protected":false},"author":2,"featured_media":8963,"comment_status":"open","ping_status":"closed","sticky":false,"template":"","format":"standard","meta":{"footnotes":""},"categories":[7],"tags":[],"class_list":["post-8962","post","type-post","status-publish","format-standard","has-post-thumbnail","hentry","category-noticias"],"_links":{"self":[{"href":"https:\/\/radiocruzdasarmasfm.com.br\/site\/wp-json\/wp\/v2\/posts\/8962","targetHints":{"allow":["GET"]}}],"collection":[{"href":"https:\/\/radiocruzdasarmasfm.com.br\/site\/wp-json\/wp\/v2\/posts"}],"about":[{"href":"https:\/\/radiocruzdasarmasfm.com.br\/site\/wp-json\/wp\/v2\/types\/post"}],"author":[{"embeddable":true,"href":"https:\/\/radiocruzdasarmasfm.com.br\/site\/wp-json\/wp\/v2\/users\/2"}],"replies":[{"embeddable":true,"href":"https:\/\/radiocruzdasarmasfm.com.br\/site\/wp-json\/wp\/v2\/comments?post=8962"}],"version-history":[{"count":1,"href":"https:\/\/radiocruzdasarmasfm.com.br\/site\/wp-json\/wp\/v2\/posts\/8962\/revisions"}],"predecessor-version":[{"id":8964,"href":"https:\/\/radiocruzdasarmasfm.com.br\/site\/wp-json\/wp\/v2\/posts\/8962\/revisions\/8964"}],"wp:featuredmedia":[{"embeddable":true,"href":"https:\/\/radiocruzdasarmasfm.com.br\/site\/wp-json\/wp\/v2\/media\/8963"}],"wp:attachment":[{"href":"https:\/\/radiocruzdasarmasfm.com.br\/site\/wp-json\/wp\/v2\/media?parent=8962"}],"wp:term":[{"taxonomy":"category","embeddable":true,"href":"https:\/\/radiocruzdasarmasfm.com.br\/site\/wp-json\/wp\/v2\/categories?post=8962"},{"taxonomy":"post_tag","embeddable":true,"href":"https:\/\/radiocruzdasarmasfm.com.br\/site\/wp-json\/wp\/v2\/tags?post=8962"}],"curies":[{"name":"wp","href":"https:\/\/api.w.org\/{rel}","templated":true}]}}