{"id":8965,"date":"2026-04-29T17:55:34","date_gmt":"2026-04-29T20:55:34","guid":{"rendered":"https:\/\/radiocruzdasarmasfm.com.br\/site\/?p=8965"},"modified":"2026-04-29T17:55:34","modified_gmt":"2026-04-29T20:55:34","slug":"em-nota-mo-lima-pede-desculpas-a-cassio-e-diz-que-fala-foi-mal-interpretada","status":"publish","type":"post","link":"https:\/\/radiocruzdasarmasfm.com.br\/site\/2026\/04\/29\/em-nota-mo-lima-pede-desculpas-a-cassio-e-diz-que-fala-foi-mal-interpretada\/","title":{"rendered":"Em nota, M\u00f4 Lima pede desculpas a C\u00e1ssio e diz que fala foi mal interpretada"},"content":{"rendered":"<p>O vereador de Jo\u00e3o Pessoa M\u00f4 Lima divulgou, nesta quarta-feira (29), uma nota de retrata\u00e7\u00e3o ap\u00f3s a repercuss\u00e3o de declara\u00e7\u00f5es envolvendo o nome de Diogo Cunha Lima como pr\u00e9-candidato a vice na chapa de C\u00edcero Lucena.<\/p>\n<div class=\"related\">\n<div><span class=\"leiatambem\">Leia Tamb\u00e9m:<\/span><\/p>\n<div class=\"pk-inline-posts\">\n<div class=\"pk-inline-posts-container pk-inline-posts-template-grid\" data-columns=\"1\">\n<article id=\"post-949138\" class=\"post-949138 post type-post status-publish format-standard has-post-thumbnail category-politica tag-principal2 cs-entry cs-video-wrap\">\n<div class=\"pk-post-outer\">\n<div class=\"pk-post-inner\"><\/div>\n<div class=\"pk-post-inner\">\n<header>\n<h5 class=\"pk-title\"><a href=\"https:\/\/www.pbagora.com.br\/noticia\/politica\/roberto-paulino-ve-favoritismo-de-joao-azevedo-mas-alerta-para-cuidados-na-disputa-pelo-senado\/\" rel=\"bookmark\">Roberto Paulino v\u00ea favoritismo de Jo\u00e3o Azev\u00eado, mas alerta para \u201ccuidados\u201d na disputa pelo Senado<\/a><\/h5>\n<\/header>\n<\/div>\n<\/div>\n<\/article>\n<\/div>\n<\/div>\n<\/div>\n<\/div>\n<p>Na fala inicial, o parlamentar ironizou o cen\u00e1rio pol\u00edtico e chegou a mencionar, em tom de cr\u00edtica, at\u00e9 a possibilidade de um animal de estima\u00e7\u00e3o do ex-senador C\u00e1ssio Cunha Lima ocupar a vaga, o que gerou forte repercuss\u00e3o.<\/p>\n<p>Diante das rea\u00e7\u00f5es, M\u00f4 Lima afirmou que sua declara\u00e7\u00e3o foi mal interpretada e negou qualquer inten\u00e7\u00e3o de desrespeito. \u201cCaso minha fala tenha sido mal interpretada, pe\u00e7o sinceramente desculpas\u201d, disse.<\/p>\n<p>Na nota, o vereador explicou que a refer\u00eancia \u00e0 fam\u00edlia Cunha Lima foi feita dentro de um contexto pol\u00edtico espec\u00edfico. Ele ressaltou que os principais nomes j\u00e1 t\u00eam caminhos definidos, citando o pr\u00f3prio C\u00e1ssio, que n\u00e3o pretende disputar elei\u00e7\u00f5es, al\u00e9m de Pedro Cunha Lima e Tovar Correia Lima, que seguem em outras atividades pol\u00edticas.<\/p>\n<p>Segundo M\u00f4 Lima, nesse cen\u00e1rio, o nome de Diogo surgiu como uma alternativa relevante. Ele refor\u00e7ou ainda que mant\u00e9m uma rela\u00e7\u00e3o de respeito com as lideran\u00e7as pol\u00edticas citadas e que n\u00e3o houve inten\u00e7\u00e3o de ataque pessoal.<\/p>\n<p>Por fim, o vereador destacou que a defini\u00e7\u00e3o de candidaturas \u00e9 uma decis\u00e3o interna de cada grupo pol\u00edtico e reafirmou seu compromisso com o di\u00e1logo respeitoso e a responsabilidade no debate p\u00fablico.<\/p>\n<p><em>Nota de Retrata\u00e7\u00e3o<\/em><\/p>\n<p><em>Venho esclarecer declara\u00e7\u00f5es recentes que foram divulgadas de forma equivocada, gerando interpreta\u00e7\u00f5es que n\u00e3o correspondem ao real sentido da minha fala.<\/em><\/p>\n<p><em>Em nenhum momento tive a inten\u00e7\u00e3o de diminuir ou desrespeitar o nome de C\u00e1ssio ou Diogo Cunha Lima, tampouco qualquer outra lideran\u00e7a pol\u00edtica.<\/em><\/p>\n<p><em>Ao mencionar a possibilidade de nomes da fam\u00edlia Cunha Lima, destaquei que os principais j\u00e1 se encontram com seus caminhos definidos: C\u00e1ssio j\u00e1 declarou publicamente que n\u00e3o deseja disputar candidatura; Pedro est\u00e1 dedicado a projetos pessoais e acad\u00eamicos; e Tovar segue exercendo seu mandato como deputado estadual.<\/em><\/p>\n<p><em>Dentro desse contexto, o nome de Diogo surgiu como uma possibilidade relevante. Caso ele n\u00e3o tivesse aceitado participar, na minha vis\u00e3o, n\u00e3o haveria mais outros nomes sendo considerados naquele cen\u00e1rio espec\u00edfico.<\/em><\/p>\n<p><em>Tamb\u00e9m esclare\u00e7o que, ao mencionar a fam\u00edlia Cunha Lima, meu coment\u00e1rio se referia apenas ao cen\u00e1rio pol\u00edtico discutido naquele momento, e n\u00e3o a qualquer desmerecimento pessoal. Caso minha fala tenha sido mal interpretada, pe\u00e7o sinceramente desculpas.<\/em><\/p>\n<p><em>Tenho uma rela\u00e7\u00e3o de amizade e respeito com diversas lideran\u00e7as, incluindo C\u00e1ssio, com quem inclusive estive recentemente em seu anivers\u00e1rio.<\/em><\/p>\n<p><em>Sobre a escolha de vice em outras chapas, refor\u00e7o que essa \u00e9 uma decis\u00e3o interna de cada partido e grupo pol\u00edtico. Estou, como todos, na expectativa para conhecer oficialmente o nome que ir\u00e1 compor a chapa de Lucas Ribeiro.<\/em><\/p>\n<p><em>Reafirmo meu compromisso com o di\u00e1logo respeitoso, com a verdade e com a constru\u00e7\u00e3o pol\u00edtica baseada em responsabilidade.<\/em><\/p>\n","protected":false},"excerpt":{"rendered":"<p>O vereador de Jo\u00e3o Pessoa M\u00f4 Lima divulgou, nesta quarta-feira (29), uma nota de retrata\u00e7\u00e3o ap\u00f3s a repercuss\u00e3o de declara\u00e7\u00f5es envolvendo o nome de Diogo Cunha Lima como pr\u00e9-candidato a vice na chapa de C\u00edcero Lucena. Leia Tamb\u00e9m: Roberto Paulino v\u00ea favoritismo de Jo\u00e3o Azev\u00eado, mas alerta para \u201ccuidados\u201d na disputa pelo Senado Na fala [&hellip;]<\/p>\n","protected":false},"author":2,"featured_media":8966,"comment_status":"open","ping_status":"closed","sticky":false,"template":"","format":"standard","meta":{"footnotes":""},"categories":[7],"tags":[],"class_list":["post-8965","post","type-post","status-publish","format-standard","has-post-thumbnail","hentry","category-noticias"],"_links":{"self":[{"href":"https:\/\/radiocruzdasarmasfm.com.br\/site\/wp-json\/wp\/v2\/posts\/8965","targetHints":{"allow":["GET"]}}],"collection":[{"href":"https:\/\/radiocruzdasarmasfm.com.br\/site\/wp-json\/wp\/v2\/posts"}],"about":[{"href":"https:\/\/radiocruzdasarmasfm.com.br\/site\/wp-json\/wp\/v2\/types\/post"}],"author":[{"embeddable":true,"href":"https:\/\/radiocruzdasarmasfm.com.br\/site\/wp-json\/wp\/v2\/users\/2"}],"replies":[{"embeddable":true,"href":"https:\/\/radiocruzdasarmasfm.com.br\/site\/wp-json\/wp\/v2\/comments?post=8965"}],"version-history":[{"count":1,"href":"https:\/\/radiocruzdasarmasfm.com.br\/site\/wp-json\/wp\/v2\/posts\/8965\/revisions"}],"predecessor-version":[{"id":8967,"href":"https:\/\/radiocruzdasarmasfm.com.br\/site\/wp-json\/wp\/v2\/posts\/8965\/revisions\/8967"}],"wp:featuredmedia":[{"embeddable":true,"href":"https:\/\/radiocruzdasarmasfm.com.br\/site\/wp-json\/wp\/v2\/media\/8966"}],"wp:attachment":[{"href":"https:\/\/radiocruzdasarmasfm.com.br\/site\/wp-json\/wp\/v2\/media?parent=8965"}],"wp:term":[{"taxonomy":"category","embeddable":true,"href":"https:\/\/radiocruzdasarmasfm.com.br\/site\/wp-json\/wp\/v2\/categories?post=8965"},{"taxonomy":"post_tag","embeddable":true,"href":"https:\/\/radiocruzdasarmasfm.com.br\/site\/wp-json\/wp\/v2\/tags?post=8965"}],"curies":[{"name":"wp","href":"https:\/\/api.w.org\/{rel}","templated":true}]}}