{"id":8968,"date":"2026-04-29T17:59:06","date_gmt":"2026-04-29T20:59:06","guid":{"rendered":"https:\/\/radiocruzdasarmasfm.com.br\/site\/?p=8968"},"modified":"2026-04-29T17:59:06","modified_gmt":"2026-04-29T20:59:06","slug":"mercado-da-bola-veja-quando-abre-a-proxima-janela-de-transferencias","status":"publish","type":"post","link":"https:\/\/radiocruzdasarmasfm.com.br\/site\/2026\/04\/29\/mercado-da-bola-veja-quando-abre-a-proxima-janela-de-transferencias\/","title":{"rendered":"Mercado da bola: veja quando abre a pr\u00f3xima janela de transfer\u00eancias"},"content":{"rendered":"<p class=\"text-cinza text-[20px] leading-7.5\">A pr\u00f3xima\u00a0<strong class=\"text-primary\">janela de transfer\u00eancias<\/strong>\u00a0tem data definida e promete movimentar o mercado ap\u00f3s a\u00a0<a class=\"text-primary font-bold text-[20px] leading-7.5 underline\" href=\"https:\/\/www.band.com.br\/esportes\/copa-do-mundo-buscas-202602231350\">Copa do Mundo<\/a>. O segundo per\u00edodo oficial para contrata\u00e7\u00f5es ser\u00e1 aberto no dia\u00a0<strong class=\"text-primary\">20 de julho<\/strong>\u00a0e segue at\u00e9\u00a0<strong class=\"text-primary\">11 de setembro<\/strong>, conforme calend\u00e1rio adotado pela CBF e alinhado \u00e0s diretrizes da\u00a0<strong class=\"text-primary\">Fifa<\/strong>.<\/p>\n<div class=\"items-center justify-between border-y border-gray-200 py-3 px-6 flex\">\n<p class=\"text-cinza text-[20px] leading-7.5\">Esse intervalo \u00e9 considerado o principal momento para refor\u00e7os no futebol brasileiro no segundo semestre. Clubes brasileiros aproveitam o per\u00edodo para ajustar elencos, negociar sa\u00eddas e fechar contrata\u00e7\u00f5es estrat\u00e9gicas para a sequ\u00eancia da temporada.<\/p>\n<h2 class=\"text-primary text-[28px] leading-[35px] font-bold\">Quando abre a janela de transfer\u00eancias no Brasil?<\/h2>\n<p class=\"text-cinza text-[20px] leading-7.5\">A janela do meio do ano funciona como o principal \u201cmercado de ver\u00e3o\u201d do futebol brasileiro. Em 2026, ela ocorre ap\u00f3s o Mundial de sele\u00e7\u00f5es, o que influencia diretamente o planejamento dos clubes. Al\u00e9m disso, o per\u00edodo coincide com a principal janela de transfer\u00eancias do futebol europeu, o que costuma intensificar negocia\u00e7\u00f5es e oportunidades de mercado.<\/p>\n<p class=\"text-cinza text-[20px] leading-7.5\">Datas da janela de transfer\u00eancias:<\/p>\n<ul class=\"text-cinza my-2 ml-6 list-disc space-y-1 text-[20px] leading-7.5\">\n<li>In\u00edcio:\u00a0<strong class=\"text-primary\">20 de julho<\/strong><\/li>\n<li>Encerramento:\u00a0<strong class=\"text-primary\">11 de setembro<\/strong><\/li>\n<\/ul>\n<p class=\"text-cinza text-[20px] leading-7.5\">Durante esse per\u00edodo, jogadores podem ser registrados normalmente por novos clubes, desde que respeitem as regras nacionais e internacionais de transfer\u00eancia.<\/p>\n<h2 class=\"text-primary text-[28px] leading-[35px] font-bold\">Regra dos 12 jogos muda o mercado<\/h2>\n<p class=\"text-cinza text-[20px] leading-7.5\">Uma das principais mudan\u00e7as recentes no futebol brasileiro \u00e9 a chamada\u00a0<strong class=\"text-primary\">regra dos 12 jogos<\/strong>\u00a0no Brasileir\u00e3o, que j\u00e1 impacta diretamente negocia\u00e7\u00f5es.<\/p>\n<p class=\"text-cinza text-[20px] leading-7.5\">At\u00e9 temporadas anteriores, um atleta s\u00f3 podia disputar\u00a0<strong class=\"text-primary\">seis partidas<\/strong>\u00a0por um clube na S\u00e9rie A antes de se transferir para outro time da mesma divis\u00e3o. Agora, esse limite foi ampliado para\u00a0<strong class=\"text-primary\">12 jogos<\/strong>.<\/p>\n<p class=\"text-cinza text-[20px] leading-7.5\">Na pr\u00e1tica, funciona assim:<\/p>\n<ul class=\"text-cinza my-2 ml-6 list-disc space-y-1 text-[20px] leading-7.5\">\n<li>O jogador pode atuar at\u00e9\u00a0<strong class=\"text-primary\">12 vezes<\/strong>\u00a0por um clube no Brasileir\u00e3o<\/li>\n<li>Se entrar em campo pela\u00a0<strong class=\"text-primary\">13\u00aa vez<\/strong>, n\u00e3o pode mais jogar por outro time da S\u00e9rie A naquela edi\u00e7\u00e3o<\/li>\n<\/ul>\n<h2 class=\"text-primary text-[28px] leading-[35px] font-bold\">Por que a regra j\u00e1 influencia antes da janela?<\/h2>\n<p class=\"text-cinza text-[20px] leading-7.5\">Mesmo com a janela abrindo apenas em julho, a regra j\u00e1 interfere nas decis\u00f5es desde o in\u00edcio do campeonato.<\/p>\n<p class=\"text-cinza text-[20px] leading-7.5\">Isso acontece porque:<\/p>\n<\/div>\n<ul class=\"text-cinza my-2 ml-6 list-disc space-y-1 text-[20px] leading-7.5\">\n<li>O Brasileir\u00e3o come\u00e7a antes da abertura da janela<\/li>\n<li>Muitos jogadores atingem rapidamente o limite de jogos<\/li>\n<li>Clubes evitam escalar atletas pr\u00f3ximos do limite para manter possibilidade de venda<\/li>\n<\/ul>\n<div class=\"space-y-4\">\n<h2 class=\"text-primary text-[28px] leading-[35px] font-bold\">Regra dos 12 jogos entra em cena no caso Barboza<\/h2>\n<p class=\"text-cinza text-[20px] leading-7.5\">A\u00a0<a class=\"text-primary font-bold text-[20px] leading-7.5 underline\" href=\"https:\/\/www.band.com.br\/esportes\/barboza-do-botafogo-diz-que-ainda-nao-fechou-acordo-com-palmeiras-202604282251\">negocia\u00e7\u00e3o envolvendo o zagueiro Alexander Barboza com o Palmeiras<\/a>\u00a0tamb\u00e9m passa pela\u00a0<a class=\"text-primary font-bold text-[20px] leading-7.5 underline\" href=\"https:\/\/www.band.com.br\/esportes\/hulk-e-barboza-limite-de-12-jogos-para-trocar-de-clube-no-brasileirao-antecipa-mercado-da-bola-202604271042\">regra dos 12 jogos<\/a>, que limita a atua\u00e7\u00e3o por dois clubes na mesma edi\u00e7\u00e3o do Brasileir\u00e3o. O defensor j\u00e1 soma partidas e pode ser preservado para n\u00e3o ultrapassar o limite.<\/p>\n<p class=\"text-cinza text-[20px] leading-7.5\">Ap\u00f3s vit\u00f3ria do Botafogo na Sul-Americana,\u00a0<a class=\"text-primary font-bold text-[20px] leading-7.5 underline\" href=\"https:\/\/www.band.com.br\/esportes\/barboza-do-botafogo-diz-que-ainda-nao-fechou-acordo-com-palmeiras-202604282251\">Barboza confirmou que h\u00e1 acordo entre os clubes<\/a>, mas ainda falta o acerto pessoal. Com contrato at\u00e9 o fim do ano, ele pode chegar sem custos no futuro ou ser negociado j\u00e1 na pr\u00f3xima janela.<\/p>\n<\/div>\n","protected":false},"excerpt":{"rendered":"<p>A pr\u00f3xima\u00a0janela de transfer\u00eancias\u00a0tem data definida e promete movimentar o mercado ap\u00f3s a\u00a0Copa do Mundo. O segundo per\u00edodo oficial para contrata\u00e7\u00f5es ser\u00e1 aberto no dia\u00a020 de julho\u00a0e segue at\u00e9\u00a011 de setembro, conforme calend\u00e1rio adotado pela CBF e alinhado \u00e0s diretrizes da\u00a0Fifa. Esse intervalo \u00e9 considerado o principal momento para refor\u00e7os no futebol brasileiro no segundo [&hellip;]<\/p>\n","protected":false},"author":2,"featured_media":8969,"comment_status":"open","ping_status":"closed","sticky":false,"template":"","format":"standard","meta":{"footnotes":""},"categories":[7],"tags":[],"class_list":["post-8968","post","type-post","status-publish","format-standard","has-post-thumbnail","hentry","category-noticias"],"_links":{"self":[{"href":"https:\/\/radiocruzdasarmasfm.com.br\/site\/wp-json\/wp\/v2\/posts\/8968","targetHints":{"allow":["GET"]}}],"collection":[{"href":"https:\/\/radiocruzdasarmasfm.com.br\/site\/wp-json\/wp\/v2\/posts"}],"about":[{"href":"https:\/\/radiocruzdasarmasfm.com.br\/site\/wp-json\/wp\/v2\/types\/post"}],"author":[{"embeddable":true,"href":"https:\/\/radiocruzdasarmasfm.com.br\/site\/wp-json\/wp\/v2\/users\/2"}],"replies":[{"embeddable":true,"href":"https:\/\/radiocruzdasarmasfm.com.br\/site\/wp-json\/wp\/v2\/comments?post=8968"}],"version-history":[{"count":1,"href":"https:\/\/radiocruzdasarmasfm.com.br\/site\/wp-json\/wp\/v2\/posts\/8968\/revisions"}],"predecessor-version":[{"id":8970,"href":"https:\/\/radiocruzdasarmasfm.com.br\/site\/wp-json\/wp\/v2\/posts\/8968\/revisions\/8970"}],"wp:featuredmedia":[{"embeddable":true,"href":"https:\/\/radiocruzdasarmasfm.com.br\/site\/wp-json\/wp\/v2\/media\/8969"}],"wp:attachment":[{"href":"https:\/\/radiocruzdasarmasfm.com.br\/site\/wp-json\/wp\/v2\/media?parent=8968"}],"wp:term":[{"taxonomy":"category","embeddable":true,"href":"https:\/\/radiocruzdasarmasfm.com.br\/site\/wp-json\/wp\/v2\/categories?post=8968"},{"taxonomy":"post_tag","embeddable":true,"href":"https:\/\/radiocruzdasarmasfm.com.br\/site\/wp-json\/wp\/v2\/tags?post=8968"}],"curies":[{"name":"wp","href":"https:\/\/api.w.org\/{rel}","templated":true}]}}