{"id":8980,"date":"2026-05-01T09:28:05","date_gmt":"2026-05-01T12:28:05","guid":{"rendered":"https:\/\/radiocruzdasarmasfm.com.br\/site\/?p=8980"},"modified":"2026-05-01T09:28:05","modified_gmt":"2026-05-01T12:28:05","slug":"leo-bezerra-volta-a-fazer-criticas-publicas-a-cagepa-pelos-buracos-e-esgotos-em-joao-pessoa-nao-aguento-mais","status":"publish","type":"post","link":"https:\/\/radiocruzdasarmasfm.com.br\/site\/2026\/05\/01\/leo-bezerra-volta-a-fazer-criticas-publicas-a-cagepa-pelos-buracos-e-esgotos-em-joao-pessoa-nao-aguento-mais\/","title":{"rendered":"L\u00e9o Bezerra volta a fazer criticas p\u00fablicas \u00e0 Cagepa pelos buracos e esgotos em Jo\u00e3o Pessoa: \u201cN\u00e3o aguento mais\u201d"},"content":{"rendered":"<p>O prefeito de Jo\u00e3o Pessoa, L\u00e9o Bezerra (PSB), voltou a criticar publicamente a Companhia de \u00c1gua e Esgotos da Para\u00edba (Cagepa), nesta quinta-feira (30), pelos problemas de saneamento e pelos buracos que as obras da empresa deixam nas ruas da capital. As declara\u00e7\u00f5es refor\u00e7am um posicionamento que o gestor j\u00e1 havia adotado desde a \u00faltima semana.<\/p>\n<div class=\"related\">\n<div><span class=\"leiatambem\">Leia Tamb\u00e9m:<\/span><\/p>\n<div class=\"pk-inline-posts\">\n<div class=\"pk-inline-posts-container pk-inline-posts-template-grid\" data-columns=\"1\">\n<article id=\"post-949341\" class=\"post-949341 post type-post status-publish format-standard has-post-thumbnail category-politica tag-destaque-centro-03 cs-entry cs-video-wrap\">\n<div class=\"pk-post-outer\">\n<div class=\"pk-post-inner\"><\/div>\n<div class=\"pk-post-inner\">\n<header>\n<h5 class=\"pk-title\"><a href=\"https:\/\/www.pbagora.com.br\/noticia\/politica\/prefeito-bruno-avanca-em-dialogo-com-sintab-e-anuncia-decreto-historico-das-progressoes-aos-servidores-de-campina\/\" rel=\"bookmark\">Prefeito Bruno avan\u00e7a em di\u00e1logo com Sintab e anuncia decreto hist\u00f3rico das progress\u00f5es aos servidores de Campina<\/a><\/h5>\n<\/header>\n<\/div>\n<\/div>\n<\/article>\n<\/div>\n<\/div>\n<\/div>\n<\/div>\n<p>\u201cEu n\u00e3o aguento mais. A gente pavimentar uma rua, a gente vai passar asfalto numa rua e vem a Cagepa e faz os buracos que ela est\u00e1 fazendo. \u00c9 essa a principal cobran\u00e7a que eu vou fazer ao governador Lucas Ribeiro\u201d, afirmou o prefeito durante entrevista ao jornalista Eclinton Monteiro.<\/p>\n<p>L\u00e9o deixou claro que a press\u00e3o vai al\u00e9m da orla mar\u00edtima e abrange toda a cidade. \u201cMinha principal cobran\u00e7a, que vai ao Governo do Estado, \u00e9 para resolver o problema dos esgotos da nossa cidade. A interven\u00e7\u00e3o aqui, n\u00e3o s\u00f3 da orla, mas de toda a cidade, que eu vou cobrar isso\u201d, enfatizou.<\/p>\n<p>Apesar das cr\u00edticas, o prefeito sinalizou que quer manter uma rela\u00e7\u00e3o de parceria com o governo estadual. O gestor municipal afirmou que vai intensificar o di\u00e1logo com o governador Lucas Ribeiro (PP) para buscar solu\u00e7\u00f5es para os problemas cr\u00f4nicos de saneamento e infraestrutura da capital.<\/p>\n<p>Na \u00faltima semana, L\u00e9o tamb\u00e9m revelou que j\u00e1 teve reuni\u00f5es com o Diretor-Presidente da Cagepa e garantiu que vai continuar cobrando enquanto os problemas n\u00e3o forem solucionados.<\/p>\n","protected":false},"excerpt":{"rendered":"<p>O prefeito de Jo\u00e3o Pessoa, L\u00e9o Bezerra (PSB), voltou a criticar publicamente a Companhia de \u00c1gua e Esgotos da Para\u00edba (Cagepa), nesta quinta-feira (30), pelos problemas de saneamento e pelos buracos que as obras da empresa deixam nas ruas da capital. As declara\u00e7\u00f5es refor\u00e7am um posicionamento que o gestor j\u00e1 havia adotado desde a \u00faltima [&hellip;]<\/p>\n","protected":false},"author":2,"featured_media":8981,"comment_status":"open","ping_status":"closed","sticky":false,"template":"","format":"standard","meta":{"footnotes":""},"categories":[7],"tags":[],"class_list":["post-8980","post","type-post","status-publish","format-standard","has-post-thumbnail","hentry","category-noticias"],"_links":{"self":[{"href":"https:\/\/radiocruzdasarmasfm.com.br\/site\/wp-json\/wp\/v2\/posts\/8980","targetHints":{"allow":["GET"]}}],"collection":[{"href":"https:\/\/radiocruzdasarmasfm.com.br\/site\/wp-json\/wp\/v2\/posts"}],"about":[{"href":"https:\/\/radiocruzdasarmasfm.com.br\/site\/wp-json\/wp\/v2\/types\/post"}],"author":[{"embeddable":true,"href":"https:\/\/radiocruzdasarmasfm.com.br\/site\/wp-json\/wp\/v2\/users\/2"}],"replies":[{"embeddable":true,"href":"https:\/\/radiocruzdasarmasfm.com.br\/site\/wp-json\/wp\/v2\/comments?post=8980"}],"version-history":[{"count":1,"href":"https:\/\/radiocruzdasarmasfm.com.br\/site\/wp-json\/wp\/v2\/posts\/8980\/revisions"}],"predecessor-version":[{"id":8982,"href":"https:\/\/radiocruzdasarmasfm.com.br\/site\/wp-json\/wp\/v2\/posts\/8980\/revisions\/8982"}],"wp:featuredmedia":[{"embeddable":true,"href":"https:\/\/radiocruzdasarmasfm.com.br\/site\/wp-json\/wp\/v2\/media\/8981"}],"wp:attachment":[{"href":"https:\/\/radiocruzdasarmasfm.com.br\/site\/wp-json\/wp\/v2\/media?parent=8980"}],"wp:term":[{"taxonomy":"category","embeddable":true,"href":"https:\/\/radiocruzdasarmasfm.com.br\/site\/wp-json\/wp\/v2\/categories?post=8980"},{"taxonomy":"post_tag","embeddable":true,"href":"https:\/\/radiocruzdasarmasfm.com.br\/site\/wp-json\/wp\/v2\/tags?post=8980"}],"curies":[{"name":"wp","href":"https:\/\/api.w.org\/{rel}","templated":true}]}}